{"id":201525,"date":"2021-01-14T12:59:54","date_gmt":"2021-01-14T17:59:54","guid":{"rendered":"http:\/\/reddeportiva.net\/principal\/?p=201525"},"modified":"2021-01-14T12:59:56","modified_gmt":"2021-01-14T17:59:56","slug":"por-que-espana-paga-la-energia-electrica-mas-cara-en-la-peor-ola-de-frio-en-50-anos","status":"publish","type":"post","link":"https:\/\/reddeportiva.net\/principal\/?p=201525","title":{"rendered":"\u00bfPor qu\u00e9 Espa\u00f1a paga la energ\u00eda el\u00e9ctrica m\u00e1s cara en la peor ola de fr\u00edo en 50 a\u00f1os?"},"content":{"rendered":"\n<figure class=\"wp-block-embed is-type-video is-provider-youtube wp-block-embed-youtube wp-embed-aspect-16-9 wp-has-aspect-ratio\"><div class=\"wp-block-embed__wrapper\">\n<iframe loading=\"lazy\" title=\"\u00bfPor qu\u00e9 Espa\u00f1a paga la energ\u00eda el\u00e9ctrica m\u00e1s cara en la peor ola de fr\u00edo en 50 a\u00f1os?\" width=\"625\" height=\"352\" src=\"https:\/\/www.youtube.com\/embed\/BNE10Ukl7hM?feature=oembed\" frameborder=\"0\" allow=\"accelerometer; autoplay; clipboard-write; encrypted-media; gyroscope; picture-in-picture; web-share\" referrerpolicy=\"strict-origin-when-cross-origin\" allowfullscreen><\/iframe>\n<\/div><\/figure>\n","protected":false},"excerpt":{"rendered":"","protected":false},"author":1,"featured_media":0,"comment_status":"closed","ping_status":"closed","sticky":false,"template":"","format":"standard","meta":{"_exactmetrics_skip_tracking":false,"_exactmetrics_sitenote_active":false,"_exactmetrics_sitenote_note":"","_exactmetrics_sitenote_category":0,"ngg_post_thumbnail":0,"footnotes":""},"categories":[1282,1261,1232,779],"tags":[],"class_list":["post-201525","post","type-post","status-publish","format-standard","hentry","category-control-proyecciones","category-emergencias-ambiente","category-energia-produccion-proyecciones","category-proyecciones"],"_links":{"self":[{"href":"https:\/\/reddeportiva.net\/principal\/index.php?rest_route=\/wp\/v2\/posts\/201525","targetHints":{"allow":["GET"]}}],"collection":[{"href":"https:\/\/reddeportiva.net\/principal\/index.php?rest_route=\/wp\/v2\/posts"}],"about":[{"href":"https:\/\/reddeportiva.net\/principal\/index.php?rest_route=\/wp\/v2\/types\/post"}],"author":[{"embeddable":true,"href":"https:\/\/reddeportiva.net\/principal\/index.php?rest_route=\/wp\/v2\/users\/1"}],"replies":[{"embeddable":true,"href":"https:\/\/reddeportiva.net\/principal\/index.php?rest_route=%2Fwp%2Fv2%2Fcomments&post=201525"}],"version-history":[{"count":1,"href":"https:\/\/reddeportiva.net\/principal\/index.php?rest_route=\/wp\/v2\/posts\/201525\/revisions"}],"predecessor-version":[{"id":201526,"href":"https:\/\/reddeportiva.net\/principal\/index.php?rest_route=\/wp\/v2\/posts\/201525\/revisions\/201526"}],"wp:attachment":[{"href":"https:\/\/reddeportiva.net\/principal\/index.php?rest_route=%2Fwp%2Fv2%2Fmedia&parent=201525"}],"wp:term":[{"taxonomy":"category","embeddable":true,"href":"https:\/\/reddeportiva.net\/principal\/index.php?rest_route=%2Fwp%2Fv2%2Fcategories&post=201525"},{"taxonomy":"post_tag","embeddable":true,"href":"https:\/\/reddeportiva.net\/principal\/index.php?rest_route=%2Fwp%2Fv2%2Ftags&post=201525"}],"curies":[{"name":"wp","href":"https:\/\/api.w.org\/{rel}","templated":true}]}}