{"id":200454,"date":"2021-01-09T10:53:58","date_gmt":"2021-01-09T15:53:58","guid":{"rendered":"http:\/\/reddeportiva.net\/principal\/?p=200454"},"modified":"2021-01-09T10:54:00","modified_gmt":"2021-01-09T15:54:00","slug":"trump-anuncio-que-no-asistira-a-la-ceremonia-del-20-de-enero-y-envio-mensaje-a-los-americanos-ntd","status":"publish","type":"post","link":"https:\/\/reddeportiva.net\/principal\/?p=200454","title":{"rendered":"Trump anunci\u00f3 que no asistir\u00e1 a la ceremonia del 20 de enero y envi\u00f3 mensaje a los americanos | NTD"},"content":{"rendered":"\n<figure class=\"wp-block-embed is-type-video is-provider-youtube wp-block-embed-youtube wp-embed-aspect-16-9 wp-has-aspect-ratio\"><div class=\"wp-block-embed__wrapper\">\n<iframe loading=\"lazy\" title=\"Trump anunci\u00f3 que no asistir\u00e1 a la ceremonia del 20 de enero y envi\u00f3 mensaje a los americanos | NTD\" width=\"625\" height=\"352\" src=\"https:\/\/www.youtube.com\/embed\/vGxQ_QiXXG0?feature=oembed\" frameborder=\"0\" allow=\"accelerometer; autoplay; clipboard-write; encrypted-media; gyroscope; picture-in-picture; web-share\" referrerpolicy=\"strict-origin-when-cross-origin\" allowfullscreen><\/iframe>\n<\/div><\/figure>\n","protected":false},"excerpt":{"rendered":"","protected":false},"author":1,"featured_media":0,"comment_status":"closed","ping_status":"closed","sticky":false,"template":"","format":"standard","meta":{"_exactmetrics_skip_tracking":false,"_exactmetrics_sitenote_active":false,"_exactmetrics_sitenote_note":"","_exactmetrics_sitenote_category":0,"ngg_post_thumbnail":0,"footnotes":""},"categories":[1226,1223,779],"tags":[],"class_list":["post-200454","post","type-post","status-publish","format-standard","hentry","category-elecciones","category-mundo-politico","category-proyecciones"],"_links":{"self":[{"href":"https:\/\/reddeportiva.net\/principal\/index.php?rest_route=\/wp\/v2\/posts\/200454","targetHints":{"allow":["GET"]}}],"collection":[{"href":"https:\/\/reddeportiva.net\/principal\/index.php?rest_route=\/wp\/v2\/posts"}],"about":[{"href":"https:\/\/reddeportiva.net\/principal\/index.php?rest_route=\/wp\/v2\/types\/post"}],"author":[{"embeddable":true,"href":"https:\/\/reddeportiva.net\/principal\/index.php?rest_route=\/wp\/v2\/users\/1"}],"replies":[{"embeddable":true,"href":"https:\/\/reddeportiva.net\/principal\/index.php?rest_route=%2Fwp%2Fv2%2Fcomments&post=200454"}],"version-history":[{"count":1,"href":"https:\/\/reddeportiva.net\/principal\/index.php?rest_route=\/wp\/v2\/posts\/200454\/revisions"}],"predecessor-version":[{"id":200455,"href":"https:\/\/reddeportiva.net\/principal\/index.php?rest_route=\/wp\/v2\/posts\/200454\/revisions\/200455"}],"wp:attachment":[{"href":"https:\/\/reddeportiva.net\/principal\/index.php?rest_route=%2Fwp%2Fv2%2Fmedia&parent=200454"}],"wp:term":[{"taxonomy":"category","embeddable":true,"href":"https:\/\/reddeportiva.net\/principal\/index.php?rest_route=%2Fwp%2Fv2%2Fcategories&post=200454"},{"taxonomy":"post_tag","embeddable":true,"href":"https:\/\/reddeportiva.net\/principal\/index.php?rest_route=%2Fwp%2Fv2%2Ftags&post=200454"}],"curies":[{"name":"wp","href":"https:\/\/api.w.org\/{rel}","templated":true}]}}