{"id":198499,"date":"2020-12-30T11:24:00","date_gmt":"2020-12-30T16:24:00","guid":{"rendered":"http:\/\/reddeportiva.net\/principal\/?p=198499"},"modified":"2020-12-30T11:24:03","modified_gmt":"2020-12-30T16:24:03","slug":"ejercito-libanes-en-la-primera-linea-tras-la-explosion-en-el-puerto-de-beirut","status":"publish","type":"post","link":"https:\/\/reddeportiva.net\/principal\/?p=198499","title":{"rendered":"Ej\u00e9rcito liban\u00e9s, en la primera l\u00ednea tras la explosi\u00f3n en el puerto de Beirut"},"content":{"rendered":"\n<figure class=\"wp-block-embed is-type-video is-provider-youtube wp-block-embed-youtube wp-embed-aspect-16-9 wp-has-aspect-ratio\"><div class=\"wp-block-embed__wrapper\">\n<iframe loading=\"lazy\" title=\"Ej\u00e9rcito liban\u00e9s, en la primera l\u00ednea tras la explosi\u00f3n en el puerto de Beirut\" width=\"625\" height=\"352\" src=\"https:\/\/www.youtube.com\/embed\/C624TIRzw5k?feature=oembed\" frameborder=\"0\" allow=\"accelerometer; autoplay; clipboard-write; encrypted-media; gyroscope; picture-in-picture; web-share\" referrerpolicy=\"strict-origin-when-cross-origin\" allowfullscreen><\/iframe>\n<\/div><\/figure>\n","protected":false},"excerpt":{"rendered":"","protected":false},"author":1,"featured_media":0,"comment_status":"closed","ping_status":"closed","sticky":false,"template":"","format":"standard","meta":{"_exactmetrics_skip_tracking":false,"_exactmetrics_sitenote_active":false,"_exactmetrics_sitenote_note":"","_exactmetrics_sitenote_category":0,"ngg_post_thumbnail":0,"footnotes":""},"categories":[1202,779,659,1217],"tags":[],"class_list":["post-198499","post","type-post","status-publish","format-standard","hentry","category-geopolitica-proyecciones","category-proyecciones","category-proyecciones-seguridad","category-urbanismo-proyecciones"],"_links":{"self":[{"href":"https:\/\/reddeportiva.net\/principal\/index.php?rest_route=\/wp\/v2\/posts\/198499","targetHints":{"allow":["GET"]}}],"collection":[{"href":"https:\/\/reddeportiva.net\/principal\/index.php?rest_route=\/wp\/v2\/posts"}],"about":[{"href":"https:\/\/reddeportiva.net\/principal\/index.php?rest_route=\/wp\/v2\/types\/post"}],"author":[{"embeddable":true,"href":"https:\/\/reddeportiva.net\/principal\/index.php?rest_route=\/wp\/v2\/users\/1"}],"replies":[{"embeddable":true,"href":"https:\/\/reddeportiva.net\/principal\/index.php?rest_route=%2Fwp%2Fv2%2Fcomments&post=198499"}],"version-history":[{"count":1,"href":"https:\/\/reddeportiva.net\/principal\/index.php?rest_route=\/wp\/v2\/posts\/198499\/revisions"}],"predecessor-version":[{"id":198500,"href":"https:\/\/reddeportiva.net\/principal\/index.php?rest_route=\/wp\/v2\/posts\/198499\/revisions\/198500"}],"wp:attachment":[{"href":"https:\/\/reddeportiva.net\/principal\/index.php?rest_route=%2Fwp%2Fv2%2Fmedia&parent=198499"}],"wp:term":[{"taxonomy":"category","embeddable":true,"href":"https:\/\/reddeportiva.net\/principal\/index.php?rest_route=%2Fwp%2Fv2%2Fcategories&post=198499"},{"taxonomy":"post_tag","embeddable":true,"href":"https:\/\/reddeportiva.net\/principal\/index.php?rest_route=%2Fwp%2Fv2%2Ftags&post=198499"}],"curies":[{"name":"wp","href":"https:\/\/api.w.org\/{rel}","templated":true}]}}