{"id":193653,"date":"2020-12-08T13:18:55","date_gmt":"2020-12-08T18:18:55","guid":{"rendered":"http:\/\/reddeportiva.net\/principal\/?p=193653"},"modified":"2020-12-08T13:18:57","modified_gmt":"2020-12-08T18:18:57","slug":"el-indigena-que-protege-a-los-monos-huerfanos-por-la-caceria-en-la-selva-amazonica-afp","status":"publish","type":"post","link":"https:\/\/reddeportiva.net\/principal\/?p=193653","title":{"rendered":"El ind\u00edgena que protege a los monos hu\u00e9rfanos por la cacer\u00eda en la selva amaz\u00f3nica | AFP"},"content":{"rendered":"\n<figure class=\"wp-block-embed-youtube wp-block-embed is-type-video is-provider-youtube wp-embed-aspect-16-9 wp-has-aspect-ratio\"><div class=\"wp-block-embed__wrapper\">\n<iframe loading=\"lazy\" title=\"El ind\u00edgena que protege a los monos hu\u00e9rfanos por la cacer\u00eda en la selva amaz\u00f3nica | AFP\" width=\"625\" height=\"352\" src=\"https:\/\/www.youtube.com\/embed\/mF06_6oJF50?feature=oembed\" frameborder=\"0\" allow=\"accelerometer; autoplay; clipboard-write; encrypted-media; gyroscope; picture-in-picture; web-share\" referrerpolicy=\"strict-origin-when-cross-origin\" allowfullscreen><\/iframe>\n<\/div><\/figure>\n","protected":false},"excerpt":{"rendered":"","protected":false},"author":1,"featured_media":0,"comment_status":"closed","ping_status":"closed","sticky":false,"template":"","format":"standard","meta":{"_exactmetrics_skip_tracking":false,"_exactmetrics_sitenote_active":false,"_exactmetrics_sitenote_note":"","_exactmetrics_sitenote_category":0,"ngg_post_thumbnail":0,"footnotes":""},"categories":[1125,1218],"tags":[],"class_list":["post-193653","post","type-post","status-publish","format-standard","hentry","category-condiciones-ambientales","category-proteccion-naturaleza-ambiente"],"_links":{"self":[{"href":"https:\/\/reddeportiva.net\/principal\/index.php?rest_route=\/wp\/v2\/posts\/193653","targetHints":{"allow":["GET"]}}],"collection":[{"href":"https:\/\/reddeportiva.net\/principal\/index.php?rest_route=\/wp\/v2\/posts"}],"about":[{"href":"https:\/\/reddeportiva.net\/principal\/index.php?rest_route=\/wp\/v2\/types\/post"}],"author":[{"embeddable":true,"href":"https:\/\/reddeportiva.net\/principal\/index.php?rest_route=\/wp\/v2\/users\/1"}],"replies":[{"embeddable":true,"href":"https:\/\/reddeportiva.net\/principal\/index.php?rest_route=%2Fwp%2Fv2%2Fcomments&post=193653"}],"version-history":[{"count":1,"href":"https:\/\/reddeportiva.net\/principal\/index.php?rest_route=\/wp\/v2\/posts\/193653\/revisions"}],"predecessor-version":[{"id":193654,"href":"https:\/\/reddeportiva.net\/principal\/index.php?rest_route=\/wp\/v2\/posts\/193653\/revisions\/193654"}],"wp:attachment":[{"href":"https:\/\/reddeportiva.net\/principal\/index.php?rest_route=%2Fwp%2Fv2%2Fmedia&parent=193653"}],"wp:term":[{"taxonomy":"category","embeddable":true,"href":"https:\/\/reddeportiva.net\/principal\/index.php?rest_route=%2Fwp%2Fv2%2Fcategories&post=193653"},{"taxonomy":"post_tag","embeddable":true,"href":"https:\/\/reddeportiva.net\/principal\/index.php?rest_route=%2Fwp%2Fv2%2Ftags&post=193653"}],"curies":[{"name":"wp","href":"https:\/\/api.w.org\/{rel}","templated":true}]}}