{"id":191866,"date":"2020-12-01T03:44:40","date_gmt":"2020-12-01T08:44:40","guid":{"rendered":"http:\/\/reddeportiva.net\/principal\/?p=191866"},"modified":"2020-12-01T03:44:42","modified_gmt":"2020-12-01T08:44:42","slug":"pbo-accion-popular-edmundo-del-aguila-sobre-decision-de-vizcarra-de-postular-al-congreso-%f0%9f%87%b5%f0%9f%87%aa","status":"publish","type":"post","link":"https:\/\/reddeportiva.net\/principal\/?p=191866","title":{"rendered":"PBO &#8211; Acci\u00f3n Popular Edmundo Del \u00c1guila sobre decisi\u00f3n de Vizcarra de postular al Congreso \ud83c\uddf5\ud83c\uddea"},"content":{"rendered":"\n<figure class=\"wp-block-embed-youtube wp-block-embed is-type-video is-provider-youtube wp-embed-aspect-16-9 wp-has-aspect-ratio\"><div class=\"wp-block-embed__wrapper\">\n<iframe loading=\"lazy\" title=\"PBO - Acci\u00f3n Popular Edmundo Del \u00c1guila sobre decisi\u00f3n de Vizcarra de postular al Congreso \ud83c\uddf5\ud83c\uddea\" width=\"625\" height=\"352\" src=\"https:\/\/www.youtube.com\/embed\/eJ6Ab1fzzAY?feature=oembed\" frameborder=\"0\" allow=\"accelerometer; autoplay; clipboard-write; encrypted-media; gyroscope; picture-in-picture; web-share\" referrerpolicy=\"strict-origin-when-cross-origin\" allowfullscreen><\/iframe>\n<\/div><\/figure>\n","protected":false},"excerpt":{"rendered":"","protected":false},"author":1,"featured_media":0,"comment_status":"closed","ping_status":"closed","sticky":false,"template":"","format":"standard","meta":{"_exactmetrics_skip_tracking":false,"ngg_post_thumbnail":0,"footnotes":""},"categories":[36],"tags":[],"class_list":["post-191866","post","type-post","status-publish","format-standard","hentry","category-reddeportiva-net"],"_links":{"self":[{"href":"https:\/\/reddeportiva.net\/principal\/index.php?rest_route=\/wp\/v2\/posts\/191866","targetHints":{"allow":["GET"]}}],"collection":[{"href":"https:\/\/reddeportiva.net\/principal\/index.php?rest_route=\/wp\/v2\/posts"}],"about":[{"href":"https:\/\/reddeportiva.net\/principal\/index.php?rest_route=\/wp\/v2\/types\/post"}],"author":[{"embeddable":true,"href":"https:\/\/reddeportiva.net\/principal\/index.php?rest_route=\/wp\/v2\/users\/1"}],"replies":[{"embeddable":true,"href":"https:\/\/reddeportiva.net\/principal\/index.php?rest_route=%2Fwp%2Fv2%2Fcomments&post=191866"}],"version-history":[{"count":1,"href":"https:\/\/reddeportiva.net\/principal\/index.php?rest_route=\/wp\/v2\/posts\/191866\/revisions"}],"predecessor-version":[{"id":191867,"href":"https:\/\/reddeportiva.net\/principal\/index.php?rest_route=\/wp\/v2\/posts\/191866\/revisions\/191867"}],"wp:attachment":[{"href":"https:\/\/reddeportiva.net\/principal\/index.php?rest_route=%2Fwp%2Fv2%2Fmedia&parent=191866"}],"wp:term":[{"taxonomy":"category","embeddable":true,"href":"https:\/\/reddeportiva.net\/principal\/index.php?rest_route=%2Fwp%2Fv2%2Fcategories&post=191866"},{"taxonomy":"post_tag","embeddable":true,"href":"https:\/\/reddeportiva.net\/principal\/index.php?rest_route=%2Fwp%2Fv2%2Ftags&post=191866"}],"curies":[{"name":"wp","href":"https:\/\/api.w.org\/{rel}","templated":true}]}}