{"id":183849,"date":"2020-10-24T10:05:48","date_gmt":"2020-10-24T15:05:48","guid":{"rendered":"http:\/\/reddeportiva.net\/principal\/?p=183849"},"modified":"2020-10-24T10:34:50","modified_gmt":"2020-10-24T15:34:50","slug":"el-parlamento-europeo-apuesta-por-un-politica-agricola-comun-un-poco-mas-verde","status":"publish","type":"post","link":"https:\/\/reddeportiva.net\/principal\/?p=183849","title":{"rendered":"El Parlamento Europeo apuesta por un Pol\u00edtica Agr\u00edcola Com\u00fan&#8230; un poco m\u00e1s verde"},"content":{"rendered":"\n<figure class=\"wp-block-embed-youtube wp-block-embed is-type-video is-provider-youtube wp-embed-aspect-16-9 wp-has-aspect-ratio\"><div class=\"wp-block-embed__wrapper\">\n<iframe loading=\"lazy\" title=\"El Parlamento Europeo apuesta por un Pol\u00edtica Agr\u00edcola Com\u00fan... un poco m\u00e1s verde\" width=\"625\" height=\"352\" src=\"https:\/\/www.youtube.com\/embed\/f6GI26_BuTU?feature=oembed\" frameborder=\"0\" allow=\"accelerometer; autoplay; clipboard-write; encrypted-media; gyroscope; picture-in-picture; web-share\" referrerpolicy=\"strict-origin-when-cross-origin\" allowfullscreen><\/iframe>\n<\/div><\/figure>\n","protected":false},"excerpt":{"rendered":"","protected":false},"author":1,"featured_media":0,"comment_status":"closed","ping_status":"closed","sticky":false,"template":"","format":"standard","meta":{"_exactmetrics_skip_tracking":false,"_exactmetrics_sitenote_active":false,"_exactmetrics_sitenote_note":"","_exactmetrics_sitenote_category":0,"ngg_post_thumbnail":0,"footnotes":""},"categories":[1190,1202,779,1210,286,1209,1212,603],"tags":[],"class_list":["post-183849","post","type-post","status-publish","format-standard","hentry","category-emprendimientos","category-geopolitica-proyecciones","category-proyecciones","category-proyecciones-accion-civica","category-proyecciones-ambiente","category-proyecciones-instituciones","category-proyecciones-produccion","category-proyecciones-sostenible"],"_links":{"self":[{"href":"https:\/\/reddeportiva.net\/principal\/index.php?rest_route=\/wp\/v2\/posts\/183849","targetHints":{"allow":["GET"]}}],"collection":[{"href":"https:\/\/reddeportiva.net\/principal\/index.php?rest_route=\/wp\/v2\/posts"}],"about":[{"href":"https:\/\/reddeportiva.net\/principal\/index.php?rest_route=\/wp\/v2\/types\/post"}],"author":[{"embeddable":true,"href":"https:\/\/reddeportiva.net\/principal\/index.php?rest_route=\/wp\/v2\/users\/1"}],"replies":[{"embeddable":true,"href":"https:\/\/reddeportiva.net\/principal\/index.php?rest_route=%2Fwp%2Fv2%2Fcomments&post=183849"}],"version-history":[{"count":1,"href":"https:\/\/reddeportiva.net\/principal\/index.php?rest_route=\/wp\/v2\/posts\/183849\/revisions"}],"predecessor-version":[{"id":183850,"href":"https:\/\/reddeportiva.net\/principal\/index.php?rest_route=\/wp\/v2\/posts\/183849\/revisions\/183850"}],"wp:attachment":[{"href":"https:\/\/reddeportiva.net\/principal\/index.php?rest_route=%2Fwp%2Fv2%2Fmedia&parent=183849"}],"wp:term":[{"taxonomy":"category","embeddable":true,"href":"https:\/\/reddeportiva.net\/principal\/index.php?rest_route=%2Fwp%2Fv2%2Fcategories&post=183849"},{"taxonomy":"post_tag","embeddable":true,"href":"https:\/\/reddeportiva.net\/principal\/index.php?rest_route=%2Fwp%2Fv2%2Ftags&post=183849"}],"curies":[{"name":"wp","href":"https:\/\/api.w.org\/{rel}","templated":true}]}}