{"id":180316,"date":"2020-10-10T02:43:36","date_gmt":"2020-10-10T07:43:36","guid":{"rendered":"http:\/\/reddeportiva.net\/principal\/?p=180316"},"modified":"2020-10-10T02:43:37","modified_gmt":"2020-10-10T07:43:37","slug":"fiscalia-solicita-prision-preventiva-para-ricardo-cisneros-mirianmorales-y-oscar-vasquez-%f0%9f%94%a5","status":"publish","type":"post","link":"https:\/\/reddeportiva.net\/principal\/?p=180316","title":{"rendered":"Fiscal\u00eda solicita prisi\u00f3n preventiva para Ricardo Cisneros, MirianMorales y \u00d3scar V\u00e1squez \ud83d\udd25"},"content":{"rendered":"\n<figure class=\"wp-block-embed-youtube wp-block-embed is-type-video is-provider-youtube wp-embed-aspect-16-9 wp-has-aspect-ratio\"><div class=\"wp-block-embed__wrapper\">\n<iframe loading=\"lazy\" title=\"Fiscal\u00eda solicita prisi\u00f3n preventiva para Ricardo Cisneros, MirianMorales y \u00d3scar V\u00e1squez \ud83d\udd25\" width=\"625\" height=\"352\" src=\"https:\/\/www.youtube.com\/embed\/2mXolsk2SH0?feature=oembed\" frameborder=\"0\" allow=\"accelerometer; autoplay; clipboard-write; encrypted-media; gyroscope; picture-in-picture; web-share\" referrerpolicy=\"strict-origin-when-cross-origin\" allowfullscreen><\/iframe>\n<\/div><\/figure>\n","protected":false},"excerpt":{"rendered":"","protected":false},"author":1,"featured_media":0,"comment_status":"closed","ping_status":"closed","sticky":false,"template":"","format":"standard","meta":{"_exactmetrics_skip_tracking":false,"_exactmetrics_sitenote_active":false,"_exactmetrics_sitenote_note":"","_exactmetrics_sitenote_category":0,"ngg_post_thumbnail":0,"footnotes":""},"categories":[36],"tags":[],"class_list":["post-180316","post","type-post","status-publish","format-standard","hentry","category-reddeportiva-net"],"_links":{"self":[{"href":"https:\/\/reddeportiva.net\/principal\/index.php?rest_route=\/wp\/v2\/posts\/180316","targetHints":{"allow":["GET"]}}],"collection":[{"href":"https:\/\/reddeportiva.net\/principal\/index.php?rest_route=\/wp\/v2\/posts"}],"about":[{"href":"https:\/\/reddeportiva.net\/principal\/index.php?rest_route=\/wp\/v2\/types\/post"}],"author":[{"embeddable":true,"href":"https:\/\/reddeportiva.net\/principal\/index.php?rest_route=\/wp\/v2\/users\/1"}],"replies":[{"embeddable":true,"href":"https:\/\/reddeportiva.net\/principal\/index.php?rest_route=%2Fwp%2Fv2%2Fcomments&post=180316"}],"version-history":[{"count":1,"href":"https:\/\/reddeportiva.net\/principal\/index.php?rest_route=\/wp\/v2\/posts\/180316\/revisions"}],"predecessor-version":[{"id":180317,"href":"https:\/\/reddeportiva.net\/principal\/index.php?rest_route=\/wp\/v2\/posts\/180316\/revisions\/180317"}],"wp:attachment":[{"href":"https:\/\/reddeportiva.net\/principal\/index.php?rest_route=%2Fwp%2Fv2%2Fmedia&parent=180316"}],"wp:term":[{"taxonomy":"category","embeddable":true,"href":"https:\/\/reddeportiva.net\/principal\/index.php?rest_route=%2Fwp%2Fv2%2Fcategories&post=180316"},{"taxonomy":"post_tag","embeddable":true,"href":"https:\/\/reddeportiva.net\/principal\/index.php?rest_route=%2Fwp%2Fv2%2Ftags&post=180316"}],"curies":[{"name":"wp","href":"https:\/\/api.w.org\/{rel}","templated":true}]}}