{"id":179529,"date":"2020-10-06T10:27:49","date_gmt":"2020-10-06T15:27:49","guid":{"rendered":"http:\/\/reddeportiva.net\/principal\/?p=179529"},"modified":"2020-10-06T10:27:51","modified_gmt":"2020-10-06T15:27:51","slug":"comision-de-la-verdad-escuchara-a-las-farc-por-asesinato-de-alvaro-gomez-semana-noticias","status":"publish","type":"post","link":"https:\/\/reddeportiva.net\/principal\/?p=179529","title":{"rendered":"Comisi\u00f3n de la Verdad escuchar\u00e1 a las Farc por asesinato de \u00c1lvaro G\u00f3mez | Semana Noticias"},"content":{"rendered":"\n<figure class=\"wp-block-embed-youtube wp-block-embed is-type-video is-provider-youtube wp-embed-aspect-16-9 wp-has-aspect-ratio\"><div class=\"wp-block-embed__wrapper\">\n<iframe loading=\"lazy\" title=\"Comisi\u00f3n de la Verdad escuchar\u00e1 a las Farc por asesinato de \u00c1lvaro G\u00f3mez | Semana Noticias\" width=\"625\" height=\"352\" src=\"https:\/\/www.youtube.com\/embed\/zWqTMWq6Ak4?feature=oembed\" frameborder=\"0\" allow=\"accelerometer; autoplay; clipboard-write; encrypted-media; gyroscope; picture-in-picture; web-share\" referrerpolicy=\"strict-origin-when-cross-origin\" allowfullscreen><\/iframe>\n<\/div><\/figure>\n","protected":false},"excerpt":{"rendered":"","protected":false},"author":1,"featured_media":0,"comment_status":"closed","ping_status":"closed","sticky":false,"template":"","format":"standard","meta":{"_exactmetrics_skip_tracking":false,"_exactmetrics_sitenote_active":false,"_exactmetrics_sitenote_note":"","_exactmetrics_sitenote_category":0,"ngg_post_thumbnail":0,"footnotes":""},"categories":[1176],"tags":[],"class_list":["post-179529","post","type-post","status-publish","format-standard","hentry","category-organizacion-politica-proyecciones"],"_links":{"self":[{"href":"https:\/\/reddeportiva.net\/principal\/index.php?rest_route=\/wp\/v2\/posts\/179529","targetHints":{"allow":["GET"]}}],"collection":[{"href":"https:\/\/reddeportiva.net\/principal\/index.php?rest_route=\/wp\/v2\/posts"}],"about":[{"href":"https:\/\/reddeportiva.net\/principal\/index.php?rest_route=\/wp\/v2\/types\/post"}],"author":[{"embeddable":true,"href":"https:\/\/reddeportiva.net\/principal\/index.php?rest_route=\/wp\/v2\/users\/1"}],"replies":[{"embeddable":true,"href":"https:\/\/reddeportiva.net\/principal\/index.php?rest_route=%2Fwp%2Fv2%2Fcomments&post=179529"}],"version-history":[{"count":1,"href":"https:\/\/reddeportiva.net\/principal\/index.php?rest_route=\/wp\/v2\/posts\/179529\/revisions"}],"predecessor-version":[{"id":179530,"href":"https:\/\/reddeportiva.net\/principal\/index.php?rest_route=\/wp\/v2\/posts\/179529\/revisions\/179530"}],"wp:attachment":[{"href":"https:\/\/reddeportiva.net\/principal\/index.php?rest_route=%2Fwp%2Fv2%2Fmedia&parent=179529"}],"wp:term":[{"taxonomy":"category","embeddable":true,"href":"https:\/\/reddeportiva.net\/principal\/index.php?rest_route=%2Fwp%2Fv2%2Fcategories&post=179529"},{"taxonomy":"post_tag","embeddable":true,"href":"https:\/\/reddeportiva.net\/principal\/index.php?rest_route=%2Fwp%2Fv2%2Ftags&post=179529"}],"curies":[{"name":"wp","href":"https:\/\/api.w.org\/{rel}","templated":true}]}}