{"id":17429,"date":"2017-08-14T19:30:56","date_gmt":"2017-08-15T00:30:56","guid":{"rendered":"http:\/\/reddeportiva.net\/principal\/?p=17429"},"modified":"2017-08-14T19:30:56","modified_gmt":"2017-08-15T00:30:56","slug":"vuelta-a-colombia-juan-pablo-villegas-ganador-de-ultima-etapa-aristobulo-cala-el-nuevo-rey-2","status":"publish","type":"post","link":"https:\/\/reddeportiva.net\/principal\/?p=17429","title":{"rendered":"VUELTA A COLOMBIA: JUAN PABLO VILLEGAS GANADOR DE \u00daLTIMA ETAPA. ARIST\u00d3BULO CALA, EL NUEVO REY"},"content":{"rendered":"<p>&nbsp;<\/p>\n<p>El Bolet\u00edn COPACI inform\u00f3:<\/p>\n<p><strong>Bogot\u00e1.<\/strong> Juan&nbsp; Pablo Villegas (Manzana-Postob\u00f3n) fue el vencedor este domingo de la \u00faltima etapa de la 67\u00aa edici\u00f3n de la Vuelta a Colombia y el santandereano Arist\u00f3bulo Cala (Bicicletas-Strongman) se proclam\u00f3 como el nuevo campe\u00f3n. La jornada se disput\u00f3 con un circuito en la ciudad de Pereira de 107 kil\u00f3metros de recorrido.<\/p>\n<p>Arist\u00f3bulo Cala, no tuvo problema para defender la camiseta amarilla y entrar a la historia de los ganadores de la ronda nacional.<\/p>\n<p>\u201cEstoy agradecido con Dios por este t\u00edtulo de la Vuelta a Colombia. Gracias al apoyo del equipo el sue\u00f1o de ser campe\u00f3n se ha hecho realidad. Mi hijo es la motivaci\u00f3n para seguir adelante en esta dura carrera. Quiero terminar mi temporada en Colombia e ir otra vez a correr a Europa\u201d, termin\u00f3 a\u00f1adiendo. (<a href=\"http:\/\/www.revistamundociclistico.com\">www.revistamundociclistico.com<\/a>)<\/p>\n<p><strong>DIEZ PRIMEROS ETAPA 12 FINAL (107 Km).<\/strong><\/p>\n<ol>\n<li>VILLEGAS, Juan Pablo (Manzana Postob\u00f3n Team) 02:30:21<\/li>\n<li>SOTO, Nelson Andr\u00e9s (Coldeportes Zenu Claro)<\/li>\n<li>CHIA, Luis (Manzana Postob\u00f3n Team)<\/li>\n<li>CANO, Jairo Alonso (EPM)<\/li>\n<li>TOMMASSINI, Fabio (D\u00b4Amico Utensilnord)<\/li>\n<li>RUBIANO, Miguel \u00c1ngel (Coldeportes Zenu Claro)<\/li>\n<li>RENDON, Juan Pablo (GW Shimano Chaoy Env\u00eda PX)<\/li>\n<li>EASTER, Griffin (Team Illuminate)<\/li>\n<li>SUAREZ, Juan Pablo (EPM)<\/li>\n<li>OSPINA, Jhonathan (GW Shimano Chaoy Env\u00eda PX)<\/li>\n<\/ol>\n<p><strong>DIEZ PRIMEROS CLASIFICACI\u00d3N GENERAL FINAL.<\/strong><\/p>\n<ol>\n<li>CALA, Arist\u00f3bulo (Bicicletas Strongman) 42:07:25<\/li>\n<li>CANO, Alex Norberto (Coldeportes Zenu Claro) +00:02:05<\/li>\n<li>SUAREZ, Juan Pablo (EPM) +00:02:07<\/li>\n<li>CAICEDO, Jonathan (Bicicletas Strongman) +00:02:19<\/li>\n<li>REYES, Miguel \u00c1ngel (Ag. Nac. de Seguridad Vial) +00:04:06<\/li>\n<li>RUBIANO, Miguel \u00c1ngel (Coldeportes Zenu Claro) +00:04:52<\/li>\n<li>LAVERDE, Luis Felipe (Coldeportes Zenu Claro) +00:05:47<\/li>\n<li>SOLIZ, Oscar (Movistar Team Am\u00e9rica) +00:06:05<\/li>\n<li>SEVILLA, Oscar Miguel (Medell\u00edn \u00c9xito) +00:07:05<\/li>\n<li>SERPA, Jose Rodolfo (Team Supergiros) +00:08:14<\/li>\n<\/ol>\n<p><strong>DIEZ PRIMEROS CLASIFICACI\u00d3N POR EQUIPOS FINAL.<\/strong><\/p>\n<ol>\n<li>Coldeportes Zenu Claro 125:46:20<\/li>\n<li>Bicicletas Strongman +0:06:52<\/li>\n<li>Ag. Nac. de Seguridad Vial +0:23:28<\/li>\n<li>Ag. Ant-Ind Ant-Idea-Lot M. +0:28:50<\/li>\n<li>Movistar Team America +0:52:18<\/li>\n<li>EPM +1:02:04<\/li>\n<li>Medell\u00edn \u00c9xito +1:06:45<\/li>\n<li>GW Shimano Chaoy Env\u00eda PX +1:21:52<\/li>\n<li>Team Super Giros +1:32:43<\/li>\n<li>EBSA-Empresa Energ\u00eda Boy. +1:39:16<\/li>\n<\/ol>\n<p><strong>DIEZ PRIMEROS CLASIFICACI\u00d3N POR PUNTOS FINAL.<\/strong><\/p>\n<ol>\n<li>SOTO, Nelson Andr\u00e9s 66 Pts.<\/li>\n<li>RUBIANO, Miguel \u00c1ngel 51<\/li>\n<li>SERPA, Jose Rodolfo 42<\/li>\n<li>CANO, Alex Norberto 40<\/li>\n<li>PAREDES, Cesar Nicolas 40<\/li>\n<li>OSPINA, Jhonathan 35<\/li>\n<li>CHIA, Luis 35<\/li>\n<li>SUAREZ, Juan Pablo 33<\/li>\n<li>CALA, Arist\u00f3bulo 32<\/li>\n<li>OCHOA, Diego Antonio 30<\/li>\n<\/ol>\n<p><strong>DIEZ PRIMEROS CLASIFICACI\u00d3N DE MONTA\u00d1A FINAL.<\/strong><\/p>\n<ol>\n<li>REYES, Miguel \u00c1ngel 39 Pts.<\/li>\n<li>UAREZ, Juan Pablo 28<\/li>\n<\/ol>\n<p>3&nbsp; RUBIANO, Miguel \u00c1ngel 23<\/p>\n<ol start=\"4\">\n<li>CANO, Alex Norberto 20<\/li>\n<li>CALA, Arist\u00f3bulo 18<\/li>\n<li>CAICEDO, Jonathan 17<\/li>\n<li>SOLIZ, Oscar 17<\/li>\n<li>MONTOYA, Arley de Jes\u00fas 16<\/li>\n<li>HOYOS, Juan 12<\/li>\n<li>SANCHEZ, Oscar Eduardo 12<\/li>\n<\/ol>\n<p><strong>DIEZ PRIMEROS CLASIFICACI\u00d3N METAS VOLANTES FINAL.<\/strong><\/p>\n<ol>\n<li>ROLDAN, Weimar Alfonso 18 Pts.<\/li>\n<li>OCHOA, Diego Antonio 18<\/li>\n<li>PAREDES, Cesar Nicolas 13<\/li>\n<li>SUESCA, Marco Tulio 12<\/li>\n<li>SERPA, Jose Rodolfo 10<\/li>\n<li>GOMEZ, Javier Eduardo 8<\/li>\n<li>QUINTERO, Carlos Julian 8<\/li>\n<li>MARTINEZ, Luis Alfredo 6<\/li>\n<li>CANO, Alex Norberto 5<\/li>\n<li>RUBIANO, Miguel \u00c1ngel 5<\/li>\n<\/ol>\n","protected":false},"excerpt":{"rendered":"<p>&nbsp; El Bolet\u00edn COPACI inform\u00f3: Bogot\u00e1. Juan&nbsp; Pablo Villegas (Manzana-Postob\u00f3n) fue el vencedor este domingo de la \u00faltima etapa de la 67\u00aa edici\u00f3n de la Vuelta a Colombia y el santandereano Arist\u00f3bulo Cala (Bicicletas-Strongman) se proclam\u00f3 como el nuevo campe\u00f3n. La jornada se disput\u00f3 con un circuito en la ciudad de Pereira de 107 kil\u00f3metros [&hellip;]<\/p>\n","protected":false},"author":1,"featured_media":0,"comment_status":"open","ping_status":"open","sticky":false,"template":"","format":"standard","meta":{"_exactmetrics_skip_tracking":false,"_exactmetrics_sitenote_active":false,"_exactmetrics_sitenote_note":"","_exactmetrics_sitenote_category":0,"ngg_post_thumbnail":0,"footnotes":""},"categories":[26,9],"tags":[],"class_list":["post-17429","post","type-post","status-publish","format-standard","hentry","category-copaci","category-ruta-ciclismo-uci"],"_links":{"self":[{"href":"https:\/\/reddeportiva.net\/principal\/index.php?rest_route=\/wp\/v2\/posts\/17429","targetHints":{"allow":["GET"]}}],"collection":[{"href":"https:\/\/reddeportiva.net\/principal\/index.php?rest_route=\/wp\/v2\/posts"}],"about":[{"href":"https:\/\/reddeportiva.net\/principal\/index.php?rest_route=\/wp\/v2\/types\/post"}],"author":[{"embeddable":true,"href":"https:\/\/reddeportiva.net\/principal\/index.php?rest_route=\/wp\/v2\/users\/1"}],"replies":[{"embeddable":true,"href":"https:\/\/reddeportiva.net\/principal\/index.php?rest_route=%2Fwp%2Fv2%2Fcomments&post=17429"}],"version-history":[{"count":1,"href":"https:\/\/reddeportiva.net\/principal\/index.php?rest_route=\/wp\/v2\/posts\/17429\/revisions"}],"predecessor-version":[{"id":17430,"href":"https:\/\/reddeportiva.net\/principal\/index.php?rest_route=\/wp\/v2\/posts\/17429\/revisions\/17430"}],"wp:attachment":[{"href":"https:\/\/reddeportiva.net\/principal\/index.php?rest_route=%2Fwp%2Fv2%2Fmedia&parent=17429"}],"wp:term":[{"taxonomy":"category","embeddable":true,"href":"https:\/\/reddeportiva.net\/principal\/index.php?rest_route=%2Fwp%2Fv2%2Fcategories&post=17429"},{"taxonomy":"post_tag","embeddable":true,"href":"https:\/\/reddeportiva.net\/principal\/index.php?rest_route=%2Fwp%2Fv2%2Ftags&post=17429"}],"curies":[{"name":"wp","href":"https:\/\/api.w.org\/{rel}","templated":true}]}}