{"id":17412,"date":"2017-08-14T18:29:33","date_gmt":"2017-08-14T23:29:33","guid":{"rendered":"http:\/\/reddeportiva.net\/principal\/?p=17412"},"modified":"2017-08-14T18:29:33","modified_gmt":"2017-08-14T23:29:33","slug":"canada-destaco-en-panamericano-de-gimnasia-que-se-realizo-en-lima","status":"publish","type":"post","link":"https:\/\/reddeportiva.net\/principal\/?p=17412","title":{"rendered":"CANAD\u00c1 DESTAC\u00d3 EN PANAMERICANO DE GIMNASIA QUE SE REALIZ\u00d3 EN LIMA"},"content":{"rendered":"<p><a href=\"http:\/\/www.ipd.gob.pe\/noticias\/noticias-institucionales\/item\/3804-canada-destaco-en-panamericano-de-gimnasia-que-se-realizo-en-lima\">http:\/\/www.ipd.gob.pe\/noticias\/noticias-institucionales\/item\/3804-canada-destaco-en-panamericano-de-gimnasia-que-se-realizo-en-lima<\/a><\/p>\n","protected":false},"excerpt":{"rendered":"<p>http:\/\/www.ipd.gob.pe\/noticias\/noticias-institucionales\/item\/3804-canada-destaco-en-panamericano-de-gimnasia-que-se-realizo-en-lima<\/p>\n","protected":false},"author":1,"featured_media":0,"comment_status":"open","ping_status":"open","sticky":false,"template":"","format":"standard","meta":{"_exactmetrics_skip_tracking":false,"_exactmetrics_sitenote_active":false,"_exactmetrics_sitenote_note":"","_exactmetrics_sitenote_category":0,"ngg_post_thumbnail":0,"footnotes":""},"categories":[127],"tags":[],"class_list":["post-17412","post","type-post","status-publish","format-standard","hentry","category-gimnasia-artistica"],"_links":{"self":[{"href":"https:\/\/reddeportiva.net\/principal\/index.php?rest_route=\/wp\/v2\/posts\/17412","targetHints":{"allow":["GET"]}}],"collection":[{"href":"https:\/\/reddeportiva.net\/principal\/index.php?rest_route=\/wp\/v2\/posts"}],"about":[{"href":"https:\/\/reddeportiva.net\/principal\/index.php?rest_route=\/wp\/v2\/types\/post"}],"author":[{"embeddable":true,"href":"https:\/\/reddeportiva.net\/principal\/index.php?rest_route=\/wp\/v2\/users\/1"}],"replies":[{"embeddable":true,"href":"https:\/\/reddeportiva.net\/principal\/index.php?rest_route=%2Fwp%2Fv2%2Fcomments&post=17412"}],"version-history":[{"count":1,"href":"https:\/\/reddeportiva.net\/principal\/index.php?rest_route=\/wp\/v2\/posts\/17412\/revisions"}],"predecessor-version":[{"id":17413,"href":"https:\/\/reddeportiva.net\/principal\/index.php?rest_route=\/wp\/v2\/posts\/17412\/revisions\/17413"}],"wp:attachment":[{"href":"https:\/\/reddeportiva.net\/principal\/index.php?rest_route=%2Fwp%2Fv2%2Fmedia&parent=17412"}],"wp:term":[{"taxonomy":"category","embeddable":true,"href":"https:\/\/reddeportiva.net\/principal\/index.php?rest_route=%2Fwp%2Fv2%2Fcategories&post=17412"},{"taxonomy":"post_tag","embeddable":true,"href":"https:\/\/reddeportiva.net\/principal\/index.php?rest_route=%2Fwp%2Fv2%2Ftags&post=17412"}],"curies":[{"name":"wp","href":"https:\/\/api.w.org\/{rel}","templated":true}]}}