{"id":17107,"date":"2017-08-13T14:12:02","date_gmt":"2017-08-13T19:12:02","guid":{"rendered":"http:\/\/reddeportiva.net\/principal\/?p=17107"},"modified":"2017-08-13T14:12:02","modified_gmt":"2017-08-13T19:12:02","slug":"kimberly-garcia-ocupa-el-septimo-lugar-en-el-mundial-de-londres-y-es-nuevo-record-nacional","status":"publish","type":"post","link":"https:\/\/reddeportiva.net\/principal\/?p=17107","title":{"rendered":"KIMBERLY GARC\u00cdA OCUPA EL S\u00c9PTIMO LUGAR EN EL MUNDIAL DE LONDRES Y ES NUEVO R\u00c9CORD NACIONAL"},"content":{"rendered":"<p><a href=\"http:\/\/www.ipd.gob.pe\/noticias\/noticias-institucionales\/item\/3803-kimberly-garcia-ocupa-el-septimo-lugar-en-el-mundial-de-londres-y-es-nuevo-record-nacional\">http:\/\/www.ipd.gob.pe\/noticias\/noticias-institucionales\/item\/3803-kimberly-garcia-ocupa-el-septimo-lugar-en-el-mundial-de-londres-y-es-nuevo-record-nacional&nbsp;&nbsp;<\/a><\/p>\n<p>Reporte IAAF:<\/p>\n<p><a href=\"https:\/\/www.iaaf.org\/competitions\/iaaf-world-championships\/iaaf-world-championships-london-2017-5151\/news\/report\/women\/20-kilometres-race-walk\/final\">https:\/\/www.iaaf.org\/competitions\/iaaf-world-championships\/iaaf-world-championships-london-2017-5151\/news\/report\/women\/20-kilometres-race-walk\/final<\/a><\/p>\n","protected":false},"excerpt":{"rendered":"<p>http:\/\/www.ipd.gob.pe\/noticias\/noticias-institucionales\/item\/3803-kimberly-garcia-ocupa-el-septimo-lugar-en-el-mundial-de-londres-y-es-nuevo-record-nacional&nbsp;&nbsp; Reporte IAAF: https:\/\/www.iaaf.org\/competitions\/iaaf-world-championships\/iaaf-world-championships-london-2017-5151\/news\/report\/women\/20-kilometres-race-walk\/final<\/p>\n","protected":false},"author":1,"featured_media":0,"comment_status":"open","ping_status":"open","sticky":false,"template":"","format":"standard","meta":{"_exactmetrics_skip_tracking":false,"_exactmetrics_sitenote_active":false,"_exactmetrics_sitenote_note":"","_exactmetrics_sitenote_category":0,"ngg_post_thumbnail":0,"footnotes":""},"categories":[69,182],"tags":[],"class_list":["post-17107","post","type-post","status-publish","format-standard","hentry","category-iaaf-atletismo","category-londres-iaaf"],"_links":{"self":[{"href":"https:\/\/reddeportiva.net\/principal\/index.php?rest_route=\/wp\/v2\/posts\/17107","targetHints":{"allow":["GET"]}}],"collection":[{"href":"https:\/\/reddeportiva.net\/principal\/index.php?rest_route=\/wp\/v2\/posts"}],"about":[{"href":"https:\/\/reddeportiva.net\/principal\/index.php?rest_route=\/wp\/v2\/types\/post"}],"author":[{"embeddable":true,"href":"https:\/\/reddeportiva.net\/principal\/index.php?rest_route=\/wp\/v2\/users\/1"}],"replies":[{"embeddable":true,"href":"https:\/\/reddeportiva.net\/principal\/index.php?rest_route=%2Fwp%2Fv2%2Fcomments&post=17107"}],"version-history":[{"count":1,"href":"https:\/\/reddeportiva.net\/principal\/index.php?rest_route=\/wp\/v2\/posts\/17107\/revisions"}],"predecessor-version":[{"id":17108,"href":"https:\/\/reddeportiva.net\/principal\/index.php?rest_route=\/wp\/v2\/posts\/17107\/revisions\/17108"}],"wp:attachment":[{"href":"https:\/\/reddeportiva.net\/principal\/index.php?rest_route=%2Fwp%2Fv2%2Fmedia&parent=17107"}],"wp:term":[{"taxonomy":"category","embeddable":true,"href":"https:\/\/reddeportiva.net\/principal\/index.php?rest_route=%2Fwp%2Fv2%2Fcategories&post=17107"},{"taxonomy":"post_tag","embeddable":true,"href":"https:\/\/reddeportiva.net\/principal\/index.php?rest_route=%2Fwp%2Fv2%2Ftags&post=17107"}],"curies":[{"name":"wp","href":"https:\/\/api.w.org\/{rel}","templated":true}]}}