{"id":16862,"date":"2017-08-11T23:24:53","date_gmt":"2017-08-12T04:24:53","guid":{"rendered":"http:\/\/reddeportiva.net\/principal\/?p=16862"},"modified":"2017-08-11T23:24:53","modified_gmt":"2017-08-12T04:24:53","slug":"vuelta-a-colombia-aristobulo-cala-firme-en-el-liderato-y-cerca-del-titulo-2","status":"publish","type":"post","link":"https:\/\/reddeportiva.net\/principal\/?p=16862","title":{"rendered":"VUELTA A COLOMBIA: ARIST\u00d3BULO CALA, FIRME EN EL LIDERATO Y CERCA DEL T\u00cdTULO"},"content":{"rendered":"<p>El Bolet\u00edn COPACI inform\u00f3:<\/p>\n<p><strong>Bogot\u00e1.<\/strong> En una jornada emocionante, Miguel \u00c1ngel Reyes (Agencia-Nacional de Seguridad Vial) en solitario fue el vencedor este jueves de la novena etapa de la 67\u00aa edici\u00f3n de la Vuelta a Colombia, mientras que Arist\u00f3bulo Cala (Bicicletas-Strongman) defendi\u00f3 su liderato con jerarqu\u00eda y qued\u00f3 cerca del t\u00edtulo.<\/p>\n<p>La esperada fracci\u00f3n se disput\u00f3 entre las localidades de La Dorada-Honda-Mariquita-Fresno y el temido Alto de Letras sobre un trazado de 131,6 kil\u00f3metros.<\/p>\n<p>Este viernes se llevar\u00e1 a cabo la d\u00e9cima fracci\u00f3n entre las localidades de Cartago-Toro-La Uni\u00f3n-Roldanillo-Bol\u00edvar-Yotoc\u00f3-Vijes-Yumbo sobre 176,7 kil\u00f3metros. <!--more--><strong>(<a href=\"http:\/\/www.revistamundociclistico.com\">www.revistamundociclistico.com<\/a>) <\/strong><\/p>\n<p><strong>DIEZ PRIMEROS ETAPA 9 (131,6 Km).<\/strong><\/p>\n<ol>\n<li>Miguel Angel Reyes (Agencia Nac. Seguridad) 4:14:45<\/li>\n<li>Oscar Soliz (Movistar Team) +00:00:20<\/li>\n<li>Arist\u00f3bulo Cala (Strongman) +00:00:27<\/li>\n<li>Jonathan Caicedo (Strongman) +00:02:10<\/li>\n<li>Alexis Camacho (GW Shimano Env\u00eda PX) +00:02:10<\/li>\n<li>Juan Pablo Su\u00e1rez (EPM) +00:02:10<\/li>\n<li>Oscar Rivera (EBSA) +00:02:10<\/li>\n<li>Alex Cano (Coldeportes Claro) +00:02:17<\/li>\n<li>Luis Felipe Laverde (Coldeportes Claro) +00:02:33<\/li>\n<li>Danny Osorio (Orgullo Antioque\u00f1o) +00:02:38<\/li>\n<\/ol>\n<p><strong>DIEZ PRIMEROS CLASIFICACI\u00d3N GENERAL INDIVIDUAL.<\/strong><\/p>\n<ol>\n<li>Arist\u00f3bulo Cala (Bicicletas-Strongman)<\/li>\n<li>Alex Cano (Coldeportes-Zen\u00fa) +00:02:11<\/li>\n<li>Juan Pablo Su\u00e1rez (EPM) +00:02:11<\/li>\n<li>Jonathan Caicedo (Bicicletas-Strongman) +00:02:23<\/li>\n<li>Miguel \u00c1ngel Reyes (Agencia-Nacional de Seguridad Vial) +00:04:10<\/li>\n<li>Miguel \u00c1ngel Rubiano (Coldeportes-Zen\u00fa) +00:04:56<\/li>\n<li>Luis Felipe Laverde Coldeportes-Zen\u00fa) +00:05:51<\/li>\n<li>Oscar Soliz (Movistar) +00:06:05<\/li>\n<li>Oscar Sevilla (Medell\u00edn-Inder) +00:07:09<\/li>\n<li>Jos\u00e9 Serpa (SuperGiros) +00:08:18<\/li>\n<\/ol>\n<p>&nbsp;<\/p>\n","protected":false},"excerpt":{"rendered":"<p>El Bolet\u00edn COPACI inform\u00f3: Bogot\u00e1. En una jornada emocionante, Miguel \u00c1ngel Reyes (Agencia-Nacional de Seguridad Vial) en solitario fue el vencedor este jueves de la novena etapa de la 67\u00aa edici\u00f3n de la Vuelta a Colombia, mientras que Arist\u00f3bulo Cala (Bicicletas-Strongman) defendi\u00f3 su liderato con jerarqu\u00eda y qued\u00f3 cerca del t\u00edtulo. La esperada fracci\u00f3n se [&hellip;]<\/p>\n","protected":false},"author":1,"featured_media":0,"comment_status":"open","ping_status":"open","sticky":false,"template":"","format":"standard","meta":{"_exactmetrics_skip_tracking":false,"_exactmetrics_sitenote_active":false,"_exactmetrics_sitenote_note":"","_exactmetrics_sitenote_category":0,"ngg_post_thumbnail":0,"footnotes":""},"categories":[26,9],"tags":[],"class_list":["post-16862","post","type-post","status-publish","format-standard","hentry","category-copaci","category-ruta-ciclismo-uci"],"_links":{"self":[{"href":"https:\/\/reddeportiva.net\/principal\/index.php?rest_route=\/wp\/v2\/posts\/16862","targetHints":{"allow":["GET"]}}],"collection":[{"href":"https:\/\/reddeportiva.net\/principal\/index.php?rest_route=\/wp\/v2\/posts"}],"about":[{"href":"https:\/\/reddeportiva.net\/principal\/index.php?rest_route=\/wp\/v2\/types\/post"}],"author":[{"embeddable":true,"href":"https:\/\/reddeportiva.net\/principal\/index.php?rest_route=\/wp\/v2\/users\/1"}],"replies":[{"embeddable":true,"href":"https:\/\/reddeportiva.net\/principal\/index.php?rest_route=%2Fwp%2Fv2%2Fcomments&post=16862"}],"version-history":[{"count":1,"href":"https:\/\/reddeportiva.net\/principal\/index.php?rest_route=\/wp\/v2\/posts\/16862\/revisions"}],"predecessor-version":[{"id":16863,"href":"https:\/\/reddeportiva.net\/principal\/index.php?rest_route=\/wp\/v2\/posts\/16862\/revisions\/16863"}],"wp:attachment":[{"href":"https:\/\/reddeportiva.net\/principal\/index.php?rest_route=%2Fwp%2Fv2%2Fmedia&parent=16862"}],"wp:term":[{"taxonomy":"category","embeddable":true,"href":"https:\/\/reddeportiva.net\/principal\/index.php?rest_route=%2Fwp%2Fv2%2Fcategories&post=16862"},{"taxonomy":"post_tag","embeddable":true,"href":"https:\/\/reddeportiva.net\/principal\/index.php?rest_route=%2Fwp%2Fv2%2Ftags&post=16862"}],"curies":[{"name":"wp","href":"https:\/\/api.w.org\/{rel}","templated":true}]}}