{"id":164610,"date":"2020-07-11T08:24:30","date_gmt":"2020-07-11T13:24:30","guid":{"rendered":"http:\/\/reddeportiva.net\/principal\/?p=164610"},"modified":"2020-07-11T08:25:39","modified_gmt":"2020-07-11T13:25:39","slug":"por-que-subio-la-cuenta-de-la-luz-y-como-saber-si-me-estan-cobrando-de-mas","status":"publish","type":"post","link":"https:\/\/reddeportiva.net\/principal\/?p=164610","title":{"rendered":"\u00bfPor qu\u00e9 subi\u00f3 la cuenta de la luz y c\u00f3mo saber si me est\u00e1n cobrando de m\u00e1s?"},"content":{"rendered":"\n<figure class=\"wp-block-embed-youtube wp-block-embed is-type-video is-provider-youtube wp-embed-aspect-16-9 wp-has-aspect-ratio\"><div class=\"wp-block-embed__wrapper\">\n<iframe loading=\"lazy\" title=\"\u00bfPor qu\u00e9 subi\u00f3 la cuenta de la luz y c\u00f3mo saber si me est\u00e1n cobrando de m\u00e1s?\" width=\"625\" height=\"352\" src=\"https:\/\/www.youtube.com\/embed\/MAKc9kXRwHk?feature=oembed\" frameborder=\"0\" allow=\"accelerometer; autoplay; clipboard-write; encrypted-media; gyroscope; picture-in-picture; web-share\" referrerpolicy=\"strict-origin-when-cross-origin\" allowfullscreen><\/iframe>\n<\/div><\/figure>\n","protected":false},"excerpt":{"rendered":"","protected":false},"author":1,"featured_media":0,"comment_status":"closed","ping_status":"closed","sticky":false,"template":"","format":"standard","meta":{"_exactmetrics_skip_tracking":false,"_exactmetrics_sitenote_active":false,"_exactmetrics_sitenote_note":"","_exactmetrics_sitenote_category":0,"ngg_post_thumbnail":0,"footnotes":""},"categories":[1176,584],"tags":[],"class_list":["post-164610","post","type-post","status-publish","format-standard","hentry","category-organizacion-politica-proyecciones","category-proyecciones-salud"],"_links":{"self":[{"href":"https:\/\/reddeportiva.net\/principal\/index.php?rest_route=\/wp\/v2\/posts\/164610","targetHints":{"allow":["GET"]}}],"collection":[{"href":"https:\/\/reddeportiva.net\/principal\/index.php?rest_route=\/wp\/v2\/posts"}],"about":[{"href":"https:\/\/reddeportiva.net\/principal\/index.php?rest_route=\/wp\/v2\/types\/post"}],"author":[{"embeddable":true,"href":"https:\/\/reddeportiva.net\/principal\/index.php?rest_route=\/wp\/v2\/users\/1"}],"replies":[{"embeddable":true,"href":"https:\/\/reddeportiva.net\/principal\/index.php?rest_route=%2Fwp%2Fv2%2Fcomments&post=164610"}],"version-history":[{"count":1,"href":"https:\/\/reddeportiva.net\/principal\/index.php?rest_route=\/wp\/v2\/posts\/164610\/revisions"}],"predecessor-version":[{"id":164611,"href":"https:\/\/reddeportiva.net\/principal\/index.php?rest_route=\/wp\/v2\/posts\/164610\/revisions\/164611"}],"wp:attachment":[{"href":"https:\/\/reddeportiva.net\/principal\/index.php?rest_route=%2Fwp%2Fv2%2Fmedia&parent=164610"}],"wp:term":[{"taxonomy":"category","embeddable":true,"href":"https:\/\/reddeportiva.net\/principal\/index.php?rest_route=%2Fwp%2Fv2%2Fcategories&post=164610"},{"taxonomy":"post_tag","embeddable":true,"href":"https:\/\/reddeportiva.net\/principal\/index.php?rest_route=%2Fwp%2Fv2%2Ftags&post=164610"}],"curies":[{"name":"wp","href":"https:\/\/api.w.org\/{rel}","templated":true}]}}