{"id":155658,"date":"2020-04-13T07:11:31","date_gmt":"2020-04-13T12:11:31","guid":{"rendered":"http:\/\/reddeportiva.net\/principal\/?p=155658"},"modified":"2020-04-13T07:11:31","modified_gmt":"2020-04-13T12:11:31","slug":"mas-que-bionicos-el-futuro-de-las-protesis-que-redefinira-al-ser-humano-the-guardian-en-espanol","status":"publish","type":"post","link":"https:\/\/reddeportiva.net\/principal\/?p=155658","title":{"rendered":"M\u00e1s que bi\u00f3nicos: el futuro de las pr\u00f3tesis que redefinir\u00e1 al ser humano | The Guardian en espa\u00f1ol"},"content":{"rendered":"\n<figure class=\"wp-block-embed-youtube wp-block-embed is-type-video is-provider-youtube wp-embed-aspect-16-9 wp-has-aspect-ratio\"><div class=\"wp-block-embed__wrapper\">\n<iframe loading=\"lazy\" title=\"M\u00e1s que bi\u00f3nicos: el futuro de las pr\u00f3tesis que redefinir\u00e1 al ser humano\" width=\"625\" height=\"352\" src=\"https:\/\/www.youtube.com\/embed\/BnAsv0_qXMk?feature=oembed\" frameborder=\"0\" allow=\"accelerometer; autoplay; clipboard-write; encrypted-media; gyroscope; picture-in-picture; web-share\" referrerpolicy=\"strict-origin-when-cross-origin\" allowfullscreen><\/iframe>\n<\/div><\/figure>\n","protected":false},"excerpt":{"rendered":"","protected":false},"author":1,"featured_media":0,"comment_status":"closed","ping_status":"closed","sticky":false,"template":"","format":"standard","meta":{"_exactmetrics_skip_tracking":false,"_exactmetrics_sitenote_active":false,"_exactmetrics_sitenote_note":"","_exactmetrics_sitenote_category":0,"ngg_post_thumbnail":0,"footnotes":""},"categories":[756,702,1169,938,1168,843],"tags":[],"class_list":["post-155658","post","type-post","status-publish","format-standard","hentry","category-direccion-deportiva-capacitacion","category-entrenadores-capacitacion","category-ingenieria-deportiva-capacitacion","category-medicina-deportiva-salud","category-tecnologia-deportiva-capacitacion","category-uso-de-maquinas-y-pesas"],"_links":{"self":[{"href":"https:\/\/reddeportiva.net\/principal\/index.php?rest_route=\/wp\/v2\/posts\/155658","targetHints":{"allow":["GET"]}}],"collection":[{"href":"https:\/\/reddeportiva.net\/principal\/index.php?rest_route=\/wp\/v2\/posts"}],"about":[{"href":"https:\/\/reddeportiva.net\/principal\/index.php?rest_route=\/wp\/v2\/types\/post"}],"author":[{"embeddable":true,"href":"https:\/\/reddeportiva.net\/principal\/index.php?rest_route=\/wp\/v2\/users\/1"}],"replies":[{"embeddable":true,"href":"https:\/\/reddeportiva.net\/principal\/index.php?rest_route=%2Fwp%2Fv2%2Fcomments&post=155658"}],"version-history":[{"count":1,"href":"https:\/\/reddeportiva.net\/principal\/index.php?rest_route=\/wp\/v2\/posts\/155658\/revisions"}],"predecessor-version":[{"id":155659,"href":"https:\/\/reddeportiva.net\/principal\/index.php?rest_route=\/wp\/v2\/posts\/155658\/revisions\/155659"}],"wp:attachment":[{"href":"https:\/\/reddeportiva.net\/principal\/index.php?rest_route=%2Fwp%2Fv2%2Fmedia&parent=155658"}],"wp:term":[{"taxonomy":"category","embeddable":true,"href":"https:\/\/reddeportiva.net\/principal\/index.php?rest_route=%2Fwp%2Fv2%2Fcategories&post=155658"},{"taxonomy":"post_tag","embeddable":true,"href":"https:\/\/reddeportiva.net\/principal\/index.php?rest_route=%2Fwp%2Fv2%2Ftags&post=155658"}],"curies":[{"name":"wp","href":"https:\/\/api.w.org\/{rel}","templated":true}]}}