{"id":14781,"date":"2017-08-04T21:52:12","date_gmt":"2017-08-05T02:52:12","guid":{"rendered":"http:\/\/reddeportiva.net\/principal\/?p=14781"},"modified":"2017-08-04T21:52:12","modified_gmt":"2017-08-05T02:52:12","slug":"comunicado-del-ipd-sobre-el-gramado-del-estadio-nacional","status":"publish","type":"post","link":"https:\/\/reddeportiva.net\/principal\/?p=14781","title":{"rendered":"COMUNICADO DEL IPD SOBRE EL GRAMADO DEL ESTADIO NACIONAL"},"content":{"rendered":"<p>En relaci\u00f3n con esta noticia, quien escribe estas l\u00edneas quiere expresar su opini\u00f3n en el sentido que el IPD est\u00e1 excedi\u00e9ndose en sus facultades al permitir que en sus instalaciones se realice un importante evento con fines de lucro.<\/p>\n<p>Es claro que se configura una situaci\u00f3n de competencia desleal ya que gran parte de los costos econ\u00f3micos y financieros generados por dichas instalaciones deportivas son cubiertos con fondos p\u00fablicos permitiendo se puedan hacer ofertas \u00abque no se pueden rechazar\u00bb. &nbsp;<\/p>\n<p>La informaci\u00f3n oficial se encuentra en el siguiente enlace:<\/p>\n<p><a href=\"http:\/\/www.ipd.gob.pe\/noticias\/noticias-institucionales\/item\/3771-comunicado-del-ipd-sobre-el-gramado-del-estadio-nacional\">http:\/\/www.ipd.gob.pe\/noticias\/noticias-institucionales\/item\/3771-comunicado-del-ipd-sobre-el-gramado-del-estadio-nacional<\/a><\/p>\n","protected":false},"excerpt":{"rendered":"<p>En relaci\u00f3n con esta noticia, quien escribe estas l\u00edneas quiere expresar su opini\u00f3n en el sentido que el IPD est\u00e1 excedi\u00e9ndose en sus facultades al permitir que en sus instalaciones se realice un importante evento con fines de lucro. Es claro que se configura una situaci\u00f3n de competencia desleal ya que gran parte de los [&hellip;]<\/p>\n","protected":false},"author":1,"featured_media":0,"comment_status":"open","ping_status":"open","sticky":false,"template":"","format":"standard","meta":{"_exactmetrics_skip_tracking":false,"_exactmetrics_sitenote_active":false,"_exactmetrics_sitenote_note":"","_exactmetrics_sitenote_category":0,"ngg_post_thumbnail":0,"footnotes":""},"categories":[67],"tags":[],"class_list":["post-14781","post","type-post","status-publish","format-standard","hentry","category-ipd"],"_links":{"self":[{"href":"https:\/\/reddeportiva.net\/principal\/index.php?rest_route=\/wp\/v2\/posts\/14781","targetHints":{"allow":["GET"]}}],"collection":[{"href":"https:\/\/reddeportiva.net\/principal\/index.php?rest_route=\/wp\/v2\/posts"}],"about":[{"href":"https:\/\/reddeportiva.net\/principal\/index.php?rest_route=\/wp\/v2\/types\/post"}],"author":[{"embeddable":true,"href":"https:\/\/reddeportiva.net\/principal\/index.php?rest_route=\/wp\/v2\/users\/1"}],"replies":[{"embeddable":true,"href":"https:\/\/reddeportiva.net\/principal\/index.php?rest_route=%2Fwp%2Fv2%2Fcomments&post=14781"}],"version-history":[{"count":1,"href":"https:\/\/reddeportiva.net\/principal\/index.php?rest_route=\/wp\/v2\/posts\/14781\/revisions"}],"predecessor-version":[{"id":14782,"href":"https:\/\/reddeportiva.net\/principal\/index.php?rest_route=\/wp\/v2\/posts\/14781\/revisions\/14782"}],"wp:attachment":[{"href":"https:\/\/reddeportiva.net\/principal\/index.php?rest_route=%2Fwp%2Fv2%2Fmedia&parent=14781"}],"wp:term":[{"taxonomy":"category","embeddable":true,"href":"https:\/\/reddeportiva.net\/principal\/index.php?rest_route=%2Fwp%2Fv2%2Fcategories&post=14781"},{"taxonomy":"post_tag","embeddable":true,"href":"https:\/\/reddeportiva.net\/principal\/index.php?rest_route=%2Fwp%2Fv2%2Ftags&post=14781"}],"curies":[{"name":"wp","href":"https:\/\/api.w.org\/{rel}","templated":true}]}}