{"id":14329,"date":"2017-08-02T10:12:14","date_gmt":"2017-08-02T15:12:14","guid":{"rendered":"http:\/\/reddeportiva.net\/principal\/?p=14329"},"modified":"2017-08-02T10:12:14","modified_gmt":"2017-08-02T15:12:14","slug":"segunda-jornada-del-campeonato-panamericano-juvenil-de-ciclismo","status":"publish","type":"post","link":"https:\/\/reddeportiva.net\/principal\/?p=14329","title":{"rendered":"SEGUNDA JORNADA DEL CAMPEONATO PANAMERICANO JUVENIL DE CICLISMO"},"content":{"rendered":"<p>El Bolet\u00edn COPACI inform\u00f3:<\/p>\n<p><strong>La Habana.<\/strong> La segunda jornada competitiva del Campeonato Panamericano Juvenil de Ciclismo transcurri\u00f3 este martes en el Vel\u00f3dromo de Guadalajara, M\u00e9xico. <strong>(<em>Prensa<\/em> Copaci\/Humberto Zavala) <\/strong><\/p>\n<p><strong>RESULTADOS SEGUNDA JORNADA.<\/strong><\/p>\n<p><strong>SCRATCH VARONES.<\/strong><\/p>\n<ol>\n<li>TENEB, Marcel (CHI) <strong>ORO<\/strong><\/li>\n<li>MORAGA, Jose (CHI) <strong>PLATA<\/strong><\/li>\n<li>GOMEZ, Gonzalo Gast\u00f3n (ARG) <strong>BRONCE<\/strong><\/li>\n<li>WHITEMAN, Jabari (TTO)<\/li>\n<li>COLE, Tyler (TTO)<\/li>\n<li>MIRAFUENTES, Emiliano (MEX)<\/li>\n<li>MARTINS, Bruno (BRA)<\/li>\n<li>PINTO, Bruno (BRA)<\/li>\n<li>RAMIREZ, Jonathan (CRC)<\/li>\n<li>DIAZ, Jeffrey (PUR)<\/li>\n<li>POZO, Guillermo David (ECU)<\/li>\n<li>MORALES, Pedro (GUA)<\/li>\n<li>MIRAFUENTES, Eugenio (MEX)<\/li>\n<\/ol>\n<p>&nbsp;&nbsp;&nbsp;&nbsp;&nbsp; MARTINEZ, Federico (ARG) DNF<\/p>\n<p>&nbsp;&nbsp;&nbsp;&nbsp;&nbsp; GOMEZ, Cristian (COL) DNF<\/p>\n<p>&nbsp;&nbsp;&nbsp;&nbsp;&nbsp; GARCIA, Lisander Michael (DOM) DNF<\/p>\n<p>&nbsp;&nbsp;&nbsp;&nbsp;&nbsp; ESCOBAR, Brandon (GUA) DNF<\/p>\n<p>&nbsp;&nbsp;&nbsp;&nbsp;&nbsp; MENDEZ, Jose (VEN) DNF<\/p>\n<p>&nbsp;&nbsp;&nbsp;&nbsp;&nbsp; CHAVEZ, Luis Sebastian (ECU) DSQ<\/p>\n<p>&nbsp;&nbsp;&nbsp;&nbsp;&nbsp; KLUIVERT, Mitchel (LCA) DNS<\/p>\n<p>&nbsp;&nbsp;&nbsp;&nbsp;&nbsp; MENDOZA, Willian (VEN) DNS<\/p>\n<p><strong>PERSECUCI\u00d3N POR EQUIPOS VARONES.<\/strong><\/p>\n<ol>\n<li>CHILE 4:12.219 <strong>ORO<\/strong><\/li>\n<\/ol>\n<p>&nbsp;&nbsp;&nbsp; SCHEIHING, Geralds\/TENEB, Marcel\/SOTO, Alejandro\/CERDA, Mat\u00edas<\/p>\n<ol start=\"2\">\n<li>MEXICO 4:14.500 <strong>PLATA<\/strong><\/li>\n<\/ol>\n<p>&nbsp;&nbsp;&nbsp; AGUIRRE, Tomas\/ISLAS, Fernando\/ROBLES, Cesar Gustavo\/MIRAFUENTES, Eugenio<\/p>\n<ol start=\"3\">\n<li>COLOMBIA 4:14.743 <strong>BRONCE<\/strong><\/li>\n<\/ol>\n<p>&nbsp;&nbsp;&nbsp; GOMEZ, Nicolas\/GARAVIA, Juan Sebastian\/GOMEZ, Cristian\/GUERREO, Juan Esteban<\/p>\n<ol start=\"4\">\n<li>ARGENTINA 4:15.312<\/li>\n<\/ol>\n<p>&nbsp;&nbsp; DEL NEGRO, Agust\u00edn\/LOSCALZO, Tomas Bautista\/RUIZ, Ivan Gabriel\/SALAZAR, Juan Antonio<\/p>\n<ol start=\"5\">\n<li>REPUBLICA DOMINICANA<\/li>\n<\/ol>\n<p>&nbsp;&nbsp;&nbsp; PE\u00d1A, Franklin E.\/HERNANDEZ, Carlos Manuel\/QUEZADA, Gregory\/POLANCO, Steven Manuel<\/p>\n<p><strong>PERSECUCI\u00d3N POR EQUIPOS DAMAS.<\/strong><\/p>\n<ol>\n<li>COLOMBIA 4:38.761 <strong>ORO<\/strong><\/li>\n<\/ol>\n<p>&nbsp;&nbsp;&nbsp; HERNANDEZ, Lina\/ATEHORTUA, Daniela\/ROJAS, Lina Mabel\/CASTILLO, Laura<\/p>\n<ol start=\"2\">\n<li>MEXICO 4:45.108 <strong>PLATA<\/strong><\/li>\n<\/ol>\n<p>&nbsp;&nbsp;&nbsp; LARA, Paloma Sarahi\/COVARRIBIAS, Cynthia\/VELAZCO, Valentina\/VANESA, Mariana<\/p>\n<ol start=\"3\">\n<li>CHILE <strong>BRONCE<\/strong><\/li>\n<\/ol>\n<p>&nbsp;&nbsp;&nbsp; SEPULVEDA, Khamila\/CORTES, Scarlet\/CORTES, Franchesca\/MU\u00d1OZ, Anany<\/p>\n<ol start=\"4\">\n<li>ECUADOR<\/li>\n<\/ol>\n<p>&nbsp;&nbsp;&nbsp; ENDARA, Fernanda Milena\/MURILLO, Lady\/OJEDA, Leslye\/HERRERA, Ariadna<\/p>\n","protected":false},"excerpt":{"rendered":"<p>El Bolet\u00edn COPACI inform\u00f3: La Habana. La segunda jornada competitiva del Campeonato Panamericano Juvenil de Ciclismo transcurri\u00f3 este martes en el Vel\u00f3dromo de Guadalajara, M\u00e9xico. (Prensa Copaci\/Humberto Zavala) RESULTADOS SEGUNDA JORNADA. SCRATCH VARONES. TENEB, Marcel (CHI) ORO MORAGA, Jose (CHI) PLATA GOMEZ, Gonzalo Gast\u00f3n (ARG) BRONCE WHITEMAN, Jabari (TTO) COLE, Tyler (TTO) MIRAFUENTES, Emiliano (MEX) [&hellip;]<\/p>\n","protected":false},"author":1,"featured_media":0,"comment_status":"open","ping_status":"open","sticky":false,"template":"","format":"standard","meta":{"_exactmetrics_skip_tracking":false,"_exactmetrics_sitenote_active":false,"_exactmetrics_sitenote_note":"","_exactmetrics_sitenote_category":0,"ngg_post_thumbnail":0,"footnotes":""},"categories":[41,26],"tags":[],"class_list":["post-14329","post","type-post","status-publish","format-standard","hentry","category-ciclismo-pista","category-copaci"],"_links":{"self":[{"href":"https:\/\/reddeportiva.net\/principal\/index.php?rest_route=\/wp\/v2\/posts\/14329","targetHints":{"allow":["GET"]}}],"collection":[{"href":"https:\/\/reddeportiva.net\/principal\/index.php?rest_route=\/wp\/v2\/posts"}],"about":[{"href":"https:\/\/reddeportiva.net\/principal\/index.php?rest_route=\/wp\/v2\/types\/post"}],"author":[{"embeddable":true,"href":"https:\/\/reddeportiva.net\/principal\/index.php?rest_route=\/wp\/v2\/users\/1"}],"replies":[{"embeddable":true,"href":"https:\/\/reddeportiva.net\/principal\/index.php?rest_route=%2Fwp%2Fv2%2Fcomments&post=14329"}],"version-history":[{"count":1,"href":"https:\/\/reddeportiva.net\/principal\/index.php?rest_route=\/wp\/v2\/posts\/14329\/revisions"}],"predecessor-version":[{"id":14330,"href":"https:\/\/reddeportiva.net\/principal\/index.php?rest_route=\/wp\/v2\/posts\/14329\/revisions\/14330"}],"wp:attachment":[{"href":"https:\/\/reddeportiva.net\/principal\/index.php?rest_route=%2Fwp%2Fv2%2Fmedia&parent=14329"}],"wp:term":[{"taxonomy":"category","embeddable":true,"href":"https:\/\/reddeportiva.net\/principal\/index.php?rest_route=%2Fwp%2Fv2%2Fcategories&post=14329"},{"taxonomy":"post_tag","embeddable":true,"href":"https:\/\/reddeportiva.net\/principal\/index.php?rest_route=%2Fwp%2Fv2%2Ftags&post=14329"}],"curies":[{"name":"wp","href":"https:\/\/api.w.org\/{rel}","templated":true}]}}