{"id":14121,"date":"2017-07-31T18:55:11","date_gmt":"2017-07-31T23:55:11","guid":{"rendered":"http:\/\/reddeportiva.net\/principal\/?p=14121"},"modified":"2017-07-31T18:55:11","modified_gmt":"2017-07-31T23:55:11","slug":"cristina-greve-se-sube-al-podio-en-brasil","status":"publish","type":"post","link":"https:\/\/reddeportiva.net\/principal\/?p=14121","title":{"rendered":"CRISTINA GREVE SE SUBE AL PODIO EN BRASIL"},"content":{"rendered":"<p>El Bolet\u00edn COPACI inform\u00f3:<\/p>\n<p><strong>Buenos Aires.<\/strong> Cristina Greve se ubic\u00f3 segunda en la apertura del 1\u00ba Meeting Internacional de Ciclismo en pista que se disputa en el Vel\u00f3dromo de Caieiras en Brasil, este domingo volver\u00e1 a competir.<\/p>\n<p>La correntina Cristina Greve, capitana del Weber Shimano Ladies Power Team, inici\u00f3 este s\u00e1bado su participaci\u00f3n en el 1\u00ba Meeting Internacional de Ciclismo en Pista en el vel\u00f3dromo de Caieiras y logr\u00f3 ser 2\u00aa en la general del Omnium.<\/p>\n<p>Greve sum\u00f3 puntos ubic\u00e1ndose segunda en Scratch y en la prueba por tiempo, cuarta en la eliminaci\u00f3n, y aunque logr\u00f3 la victoria en la prueba por puntos, no le alcanz\u00f3 para <!--more-->llegar al primer puesto de la general acumulada.<\/p>\n<p>Este domingo nuestra lady volver\u00e1 a competir\u00e1 en Caieiras, ser\u00e1 parte de la persecuci\u00f3n individual y luego junto a Antonella Leonardi competir\u00e1 en la madison femenina.<\/p>\n<p>Sus actividades en Brasil se extender\u00e1n hasta el pr\u00f3ximo fin de semana, cuando vuelva a competir en el Meeting Internacional de Ciclismo en Pista, con el cual busca llegar con buen rodaje al Campeonato Panamericano que se realizar\u00e1 en Trinidad y Tobago a fines de agosto.<\/p>\n<p>Adem\u00e1s, la joven sanjuanina Maribel Aguirre, viaj\u00f3 a Guadalajara (M\u00e9xico) para participar del Campeonato Panamericano Juvenil de pista y ruta con la Selecci\u00f3n Argentina. <strong>(Adolfo Carrizo)<\/strong><\/p>\n","protected":false},"excerpt":{"rendered":"<p>El Bolet\u00edn COPACI inform\u00f3: Buenos Aires. Cristina Greve se ubic\u00f3 segunda en la apertura del 1\u00ba Meeting Internacional de Ciclismo en pista que se disputa en el Vel\u00f3dromo de Caieiras en Brasil, este domingo volver\u00e1 a competir. La correntina Cristina Greve, capitana del Weber Shimano Ladies Power Team, inici\u00f3 este s\u00e1bado su participaci\u00f3n en el [&hellip;]<\/p>\n","protected":false},"author":1,"featured_media":0,"comment_status":"open","ping_status":"open","sticky":false,"template":"","format":"standard","meta":{"_exactmetrics_skip_tracking":false,"_exactmetrics_sitenote_active":false,"_exactmetrics_sitenote_note":"","_exactmetrics_sitenote_category":0,"ngg_post_thumbnail":0,"footnotes":""},"categories":[41,26],"tags":[],"class_list":["post-14121","post","type-post","status-publish","format-standard","hentry","category-ciclismo-pista","category-copaci"],"_links":{"self":[{"href":"https:\/\/reddeportiva.net\/principal\/index.php?rest_route=\/wp\/v2\/posts\/14121","targetHints":{"allow":["GET"]}}],"collection":[{"href":"https:\/\/reddeportiva.net\/principal\/index.php?rest_route=\/wp\/v2\/posts"}],"about":[{"href":"https:\/\/reddeportiva.net\/principal\/index.php?rest_route=\/wp\/v2\/types\/post"}],"author":[{"embeddable":true,"href":"https:\/\/reddeportiva.net\/principal\/index.php?rest_route=\/wp\/v2\/users\/1"}],"replies":[{"embeddable":true,"href":"https:\/\/reddeportiva.net\/principal\/index.php?rest_route=%2Fwp%2Fv2%2Fcomments&post=14121"}],"version-history":[{"count":1,"href":"https:\/\/reddeportiva.net\/principal\/index.php?rest_route=\/wp\/v2\/posts\/14121\/revisions"}],"predecessor-version":[{"id":14122,"href":"https:\/\/reddeportiva.net\/principal\/index.php?rest_route=\/wp\/v2\/posts\/14121\/revisions\/14122"}],"wp:attachment":[{"href":"https:\/\/reddeportiva.net\/principal\/index.php?rest_route=%2Fwp%2Fv2%2Fmedia&parent=14121"}],"wp:term":[{"taxonomy":"category","embeddable":true,"href":"https:\/\/reddeportiva.net\/principal\/index.php?rest_route=%2Fwp%2Fv2%2Fcategories&post=14121"},{"taxonomy":"post_tag","embeddable":true,"href":"https:\/\/reddeportiva.net\/principal\/index.php?rest_route=%2Fwp%2Fv2%2Ftags&post=14121"}],"curies":[{"name":"wp","href":"https:\/\/api.w.org\/{rel}","templated":true}]}}