{"id":14119,"date":"2017-07-31T18:50:18","date_gmt":"2017-07-31T23:50:18","guid":{"rendered":"http:\/\/reddeportiva.net\/principal\/?p=14119"},"modified":"2017-07-31T18:50:18","modified_gmt":"2017-07-31T23:50:18","slug":"seleccion-colombia-arranca-su-participacion-en-el-panamericano-juvenil-2017-2","status":"publish","type":"post","link":"https:\/\/reddeportiva.net\/principal\/?p=14119","title":{"rendered":"SELECCI\u00d3N COLOMBIA ARRANCA SU PARTICIPACI\u00d3N EN EL PANAMERICANO JUVENIL 2017"},"content":{"rendered":"<p>El Bolet\u00edn COPACI inform\u00f3:<\/p>\n<p><strong>Bogot\u00e1.<\/strong> Este lunes, en las instalaciones del Vel\u00f3dromo Panamericano de Guadalajara, empezar\u00e1 la defensa del t\u00edtulo del seleccionado nacional Manzana Postob\u00f3n en el Campeonato Panamericano Juvenil de pista y ruta, que contar\u00e1 con la participaci\u00f3n de los mejores ciclistas del continente en ambas modalidades.<\/p>\n<p>El programa oficial se abre con la pista, en la cual el equipo nacional obtuvo la cifra r\u00e9cord de 14 oros en el certamen de 2016 disputado en Trinidad y Tobago.<\/p>\n<p>De aquel equipo repiten el velocista Juan Esteban Arenas y Esteban Guerrero, <!--more-->especialista en pruebas de medio fondo. El resto de los integrantes cumplir\u00e1n su primera experiencia internacional con la tricolor bajo la batuta de los entrenadores N\u00e9stor Prada y Jhon Antonio Ram\u00edrez.<\/p>\n<p>La delegaci\u00f3n se desplaz\u00f3 a territorio mexicano el pasado viernes con los 17 convocados, entre los que tambi\u00e9n se destaca la presencia de la campeona de la Vuelta Nacional del Futuro, Lina Marcela Hern\u00e1ndez, el campe\u00f3n nacional de ruta Juan Camilo Mu\u00f1oz y el campe\u00f3n nacional de contrarreloj, Diego Alejandro Jaramillo.<\/p>\n<p>Este domingo en la tarde se llev\u00f3 a cabo la reuni\u00f3n t\u00e9cnica con los delgados de cada pa\u00eds, y este lunes, a partir de las 10 am, se disputar\u00e1n las primeras pruebas del calendario.<\/p>\n<p>La pista se disputar\u00e1 hasta el d\u00eda 4 de agosto, y entre el 5 y 6 de agosto se realizar\u00e1n las pruebas de ruta para hombres y damas. <strong>(<a href=\"http:\/\/www.revistamundociclistico.com\">www.revistamundociclistico.com<\/a>)&nbsp;&nbsp; <\/strong><\/p>\n<p><strong>EQUIPO.<\/strong><\/p>\n<p><strong>Damas:<\/strong><\/p>\n<p>Lina Marcela Hern\u00e1ndez G\u00f3mez (Antioquia)<\/p>\n<p>Daniela Atehort\u00faa Hoyos (Antioquia)<\/p>\n<p>Isabella Orozco Valencia (Antioquia)<\/p>\n<p>Vanessa Fl\u00f3rez Arroyave (Antioquia)<\/p>\n<p>Valeria Cardozo Cabrera (Valle)<\/p>\n<p>Yesica Geraldine Hurtado Holgu\u00edn (Boyac\u00e1)<\/p>\n<p>Lina Mabel Rojas Zapata (Bogot\u00e1)<\/p>\n<p>Laura Sof\u00eda Castillo Murillo (Casanare)<\/p>\n<p><strong>Hombres:<\/strong><\/p>\n<p>Juan Camilo Mu\u00f1oz M\u00e9ndez (Huila)<\/p>\n<p>Diego Alejandro Jaramillo V\u00e9lez&nbsp; (Risaralda)<\/p>\n<p>Juan Sebasti\u00e1n Gaviria Parra (Antioquia)<\/p>\n<p>Nicol\u00e1s David G\u00f3mez Jaramillo (Antioquia)<\/p>\n<p>Juan Esteban Arenas Gonz\u00e1lez (Antioquia)<\/p>\n<p>Miguel \u00c1ngel Sarmiento Quinchia (Antioquia)<\/p>\n<p>Cristian Fabi\u00e1n G\u00f3mez Godoy (Santander)<\/p>\n<p>Andr\u00e9s Camilo Ardila Ordo\u00f1ez (Tolima)<\/p>\n<p>Juan Esteban Guerrero Arias (Bogot\u00e1)<\/p>\n","protected":false},"excerpt":{"rendered":"<p>El Bolet\u00edn COPACI inform\u00f3: Bogot\u00e1. Este lunes, en las instalaciones del Vel\u00f3dromo Panamericano de Guadalajara, empezar\u00e1 la defensa del t\u00edtulo del seleccionado nacional Manzana Postob\u00f3n en el Campeonato Panamericano Juvenil de pista y ruta, que contar\u00e1 con la participaci\u00f3n de los mejores ciclistas del continente en ambas modalidades. El programa oficial se abre con la [&hellip;]<\/p>\n","protected":false},"author":1,"featured_media":0,"comment_status":"open","ping_status":"open","sticky":false,"template":"","format":"standard","meta":{"_exactmetrics_skip_tracking":false,"_exactmetrics_sitenote_active":false,"_exactmetrics_sitenote_note":"","_exactmetrics_sitenote_category":0,"ngg_post_thumbnail":0,"footnotes":""},"categories":[41,26,9],"tags":[],"class_list":["post-14119","post","type-post","status-publish","format-standard","hentry","category-ciclismo-pista","category-copaci","category-ruta-ciclismo-uci"],"_links":{"self":[{"href":"https:\/\/reddeportiva.net\/principal\/index.php?rest_route=\/wp\/v2\/posts\/14119","targetHints":{"allow":["GET"]}}],"collection":[{"href":"https:\/\/reddeportiva.net\/principal\/index.php?rest_route=\/wp\/v2\/posts"}],"about":[{"href":"https:\/\/reddeportiva.net\/principal\/index.php?rest_route=\/wp\/v2\/types\/post"}],"author":[{"embeddable":true,"href":"https:\/\/reddeportiva.net\/principal\/index.php?rest_route=\/wp\/v2\/users\/1"}],"replies":[{"embeddable":true,"href":"https:\/\/reddeportiva.net\/principal\/index.php?rest_route=%2Fwp%2Fv2%2Fcomments&post=14119"}],"version-history":[{"count":1,"href":"https:\/\/reddeportiva.net\/principal\/index.php?rest_route=\/wp\/v2\/posts\/14119\/revisions"}],"predecessor-version":[{"id":14120,"href":"https:\/\/reddeportiva.net\/principal\/index.php?rest_route=\/wp\/v2\/posts\/14119\/revisions\/14120"}],"wp:attachment":[{"href":"https:\/\/reddeportiva.net\/principal\/index.php?rest_route=%2Fwp%2Fv2%2Fmedia&parent=14119"}],"wp:term":[{"taxonomy":"category","embeddable":true,"href":"https:\/\/reddeportiva.net\/principal\/index.php?rest_route=%2Fwp%2Fv2%2Fcategories&post=14119"},{"taxonomy":"post_tag","embeddable":true,"href":"https:\/\/reddeportiva.net\/principal\/index.php?rest_route=%2Fwp%2Fv2%2Ftags&post=14119"}],"curies":[{"name":"wp","href":"https:\/\/api.w.org\/{rel}","templated":true}]}}