{"id":139318,"date":"2019-11-14T13:31:37","date_gmt":"2019-11-14T18:31:37","guid":{"rendered":"http:\/\/reddeportiva.net\/principal\/?p=139318"},"modified":"2019-11-14T13:31:37","modified_gmt":"2019-11-14T18:31:37","slug":"oscar-sevilla-renovo-con-el-team-medellin-y-correra-hasta-diciembre-de-2020","status":"publish","type":"post","link":"https:\/\/reddeportiva.net\/principal\/?p=139318","title":{"rendered":"\u00d3scar Sevilla renov\u00f3 con el Team Medell\u00edn y correr\u00e1 hasta diciembre de 2020"},"content":{"rendered":"\n<figure class=\"wp-block-embed-wordpress wp-block-embed is-type-wp-embed is-provider-ciclismo-internacional\"><div class=\"wp-block-embed__wrapper\">\n<blockquote class=\"wp-embedded-content\" data-secret=\"1ZmbTAri1Y\"><a href=\"https:\/\/ciclismointernacional.com\/oscar-sevilla-renovo-con-el-team-medellin-y-correra-hasta-diciembre-de-2020\/\">\u00d3scar Sevilla renov\u00f3 con el Team Medell\u00edn y correr\u00e1 hasta diciembre de 2020<\/a><\/blockquote><iframe loading=\"lazy\" class=\"wp-embedded-content\" sandbox=\"allow-scripts\" security=\"restricted\" style=\"position: absolute; clip: rect(1px, 1px, 1px, 1px);\" title=\"\u00ab\u00d3scar Sevilla renov\u00f3 con el Team Medell\u00edn y correr\u00e1 hasta diciembre de 2020\u00bb \u2014 Ciclismo Internacional\" src=\"https:\/\/ciclismointernacional.com\/oscar-sevilla-renovo-con-el-team-medellin-y-correra-hasta-diciembre-de-2020\/embed\/#?secret=RVxDrNAgK4#?secret=1ZmbTAri1Y\" data-secret=\"1ZmbTAri1Y\" width=\"600\" height=\"338\" frameborder=\"0\" marginwidth=\"0\" marginheight=\"0\" scrolling=\"no\"><\/iframe>\n<\/div><\/figure>\n","protected":false},"excerpt":{"rendered":"","protected":false},"author":1,"featured_media":0,"comment_status":"closed","ping_status":"closed","sticky":false,"template":"","format":"standard","meta":{"_exactmetrics_skip_tracking":false,"_exactmetrics_sitenote_active":false,"_exactmetrics_sitenote_note":"","_exactmetrics_sitenote_category":0,"ngg_post_thumbnail":0,"footnotes":""},"categories":[620,9],"tags":[],"class_list":["post-139318","post","type-post","status-publish","format-standard","hentry","category-ruta-america-cont","category-ruta-ciclismo-uci"],"_links":{"self":[{"href":"https:\/\/reddeportiva.net\/principal\/index.php?rest_route=\/wp\/v2\/posts\/139318","targetHints":{"allow":["GET"]}}],"collection":[{"href":"https:\/\/reddeportiva.net\/principal\/index.php?rest_route=\/wp\/v2\/posts"}],"about":[{"href":"https:\/\/reddeportiva.net\/principal\/index.php?rest_route=\/wp\/v2\/types\/post"}],"author":[{"embeddable":true,"href":"https:\/\/reddeportiva.net\/principal\/index.php?rest_route=\/wp\/v2\/users\/1"}],"replies":[{"embeddable":true,"href":"https:\/\/reddeportiva.net\/principal\/index.php?rest_route=%2Fwp%2Fv2%2Fcomments&post=139318"}],"version-history":[{"count":1,"href":"https:\/\/reddeportiva.net\/principal\/index.php?rest_route=\/wp\/v2\/posts\/139318\/revisions"}],"predecessor-version":[{"id":139319,"href":"https:\/\/reddeportiva.net\/principal\/index.php?rest_route=\/wp\/v2\/posts\/139318\/revisions\/139319"}],"wp:attachment":[{"href":"https:\/\/reddeportiva.net\/principal\/index.php?rest_route=%2Fwp%2Fv2%2Fmedia&parent=139318"}],"wp:term":[{"taxonomy":"category","embeddable":true,"href":"https:\/\/reddeportiva.net\/principal\/index.php?rest_route=%2Fwp%2Fv2%2Fcategories&post=139318"},{"taxonomy":"post_tag","embeddable":true,"href":"https:\/\/reddeportiva.net\/principal\/index.php?rest_route=%2Fwp%2Fv2%2Ftags&post=139318"}],"curies":[{"name":"wp","href":"https:\/\/api.w.org\/{rel}","templated":true}]}}