{"id":130625,"date":"2019-09-17T21:22:44","date_gmt":"2019-09-18T02:22:44","guid":{"rendered":"http:\/\/reddeportiva.net\/principal\/?p=130625"},"modified":"2019-09-17T21:22:44","modified_gmt":"2019-09-18T02:22:44","slug":"roglic-mohoric-y-pogacar-tridente-esloveno-en-yorkshire","status":"publish","type":"post","link":"https:\/\/reddeportiva.net\/principal\/?p=130625","title":{"rendered":"Rogli\u010d, Mohori\u010d y Poga\u010dar, tridente esloveno en Yorkshire"},"content":{"rendered":"\n<figure class=\"wp-block-embed-wordpress wp-block-embed is-type-wp-embed is-provider-ciclismo-internacional\"><div class=\"wp-block-embed__wrapper\">\n<blockquote class=\"wp-embedded-content\" data-secret=\"j4rnpG3JLg\"><a href=\"https:\/\/ciclismointernacional.com\/roglic-mohoric-y-pogacar-tridente-esloveno-en-yorkshire\/\">Rogli\u010d, Mohori\u010d y Poga\u010dar, tridente esloveno en Yorkshire<\/a><\/blockquote><iframe loading=\"lazy\" class=\"wp-embedded-content\" sandbox=\"allow-scripts\" security=\"restricted\" style=\"position: absolute; clip: rect(1px, 1px, 1px, 1px);\" title=\"\u00abRogli\u010d, Mohori\u010d y Poga\u010dar, tridente esloveno en Yorkshire\u00bb \u2014 Ciclismo Internacional\" src=\"https:\/\/ciclismointernacional.com\/roglic-mohoric-y-pogacar-tridente-esloveno-en-yorkshire\/embed\/#?secret=6xRbZAok49#?secret=j4rnpG3JLg\" data-secret=\"j4rnpG3JLg\" width=\"600\" height=\"338\" frameborder=\"0\" marginwidth=\"0\" marginheight=\"0\" scrolling=\"no\"><\/iframe>\n<\/div><\/figure>\n","protected":false},"excerpt":{"rendered":"","protected":false},"author":1,"featured_media":0,"comment_status":"closed","ping_status":"closed","sticky":false,"template":"","format":"standard","meta":{"_exactmetrics_skip_tracking":false,"ngg_post_thumbnail":0,"footnotes":""},"categories":[486,9],"tags":[],"class_list":["post-130625","post","type-post","status-publish","format-standard","hentry","category-ruta-campeonato-mundial-uci","category-ruta-ciclismo-uci"],"_links":{"self":[{"href":"https:\/\/reddeportiva.net\/principal\/index.php?rest_route=\/wp\/v2\/posts\/130625","targetHints":{"allow":["GET"]}}],"collection":[{"href":"https:\/\/reddeportiva.net\/principal\/index.php?rest_route=\/wp\/v2\/posts"}],"about":[{"href":"https:\/\/reddeportiva.net\/principal\/index.php?rest_route=\/wp\/v2\/types\/post"}],"author":[{"embeddable":true,"href":"https:\/\/reddeportiva.net\/principal\/index.php?rest_route=\/wp\/v2\/users\/1"}],"replies":[{"embeddable":true,"href":"https:\/\/reddeportiva.net\/principal\/index.php?rest_route=%2Fwp%2Fv2%2Fcomments&post=130625"}],"version-history":[{"count":1,"href":"https:\/\/reddeportiva.net\/principal\/index.php?rest_route=\/wp\/v2\/posts\/130625\/revisions"}],"predecessor-version":[{"id":130626,"href":"https:\/\/reddeportiva.net\/principal\/index.php?rest_route=\/wp\/v2\/posts\/130625\/revisions\/130626"}],"wp:attachment":[{"href":"https:\/\/reddeportiva.net\/principal\/index.php?rest_route=%2Fwp%2Fv2%2Fmedia&parent=130625"}],"wp:term":[{"taxonomy":"category","embeddable":true,"href":"https:\/\/reddeportiva.net\/principal\/index.php?rest_route=%2Fwp%2Fv2%2Fcategories&post=130625"},{"taxonomy":"post_tag","embeddable":true,"href":"https:\/\/reddeportiva.net\/principal\/index.php?rest_route=%2Fwp%2Fv2%2Ftags&post=130625"}],"curies":[{"name":"wp","href":"https:\/\/api.w.org\/{rel}","templated":true}]}}