{"id":12968,"date":"2017-07-26T22:59:21","date_gmt":"2017-07-27T03:59:21","guid":{"rendered":"http:\/\/reddeportiva.net\/principal\/?p=12968"},"modified":"2017-07-26T22:59:21","modified_gmt":"2017-07-27T03:59:21","slug":"recorrido-oficial-clasico-rcn-2017","status":"publish","type":"post","link":"https:\/\/reddeportiva.net\/principal\/?p=12968","title":{"rendered":"RECORRIDO OFICIAL CL\u00c1SICO RCN 2017"},"content":{"rendered":"<p>El Bolet\u00edn COPACI inform\u00f3:<\/p>\n<p><strong>Bogot\u00e1.<\/strong> Este martes fue presentado el recorrido oficial del Cl\u00e1sico RCN 2017, que estar\u00e1 iniciando el pr\u00f3ximo 22 de septiembre en Marsella (Risaralda) y culminar\u00e1 el 1 de octubre con una CRI de 19,7 kil\u00f3metros entre Buga y Guacar\u00ed en el Valle del Cauca.<\/p>\n<p>Los mejores equipos del pa\u00eds acudir\u00e1n a la m\u00e1xima cita de una de las grandes carreras del calendario nacional, que tiene como actual campe\u00f3n al espa\u00f1ol Oscar Sevilla ganador igualmente de las ediciones de 2008 y 2012. <strong>(Gonzalo Hern\u00e1ndez \/ <a href=\"http:\/\/www.revistamundociclistico.com\">www.revistamundociclistico.com<\/a>) <\/strong><!--more--><\/p>\n<p><strong>ETAPAS:<\/strong><\/p>\n<p>I 22-9 Marsella (Risaralda) &#8211; Pereira &#8211; La Virginia &#8211; Pereira. (128.2 Km)<\/p>\n<p>II 23-9 Sta Rosa de Cabal &#8211; Chinchin\u00e1 &#8211; La Pintada &#8211; Puerto Iglesias -Bolombolo &#8211; Caldas &#8211; Itag\u00fc\u00ed (229.2 Km).<\/p>\n<p>III 24-9 Carmen de Viboral &#8211; Rionegro &#8211;&nbsp; El Santuario &#8211; Doradal &#8211; La Dorada. (214.9 Km).<\/p>\n<p>IV 25-9 La Dorada &#8211; Honda &#8211; Puerto Bogot\u00e1 &#8211; Guaduas &#8211; Villeta &#8211; Alban. (128.8 Km)<\/p>\n<p>V 26-9 Tocancip\u00e1 &#8211; Gachancipa &#8211; Chocont\u00e1 &#8211; Ventaquemada &#8211; Tunja &#8211; Paipa &#8211; Duitama &#8211; Tibasosa &#8211; Sogamoso.(171.1 Km).<\/p>\n<p>VI 27-9 Paipa -Tunja &#8211; Villa de Leyva &#8211; Sutamarch\u00e1n &#8211; Tinjaca &#8211; Chiquinquir\u00e1 &#8211; Capellan\u00eda &#8211; Ubate &#8211; Zipaquir\u00e1 &#8211; Cajic\u00e1 (226.3 Km).<\/p>\n<p>VI 28-9 Fusagasug\u00e1 (circuito) &#8211; Melgar &#8211; Girardot &#8211; Flandes &#8211; Espinal &#8211; Chicoral -Ibagu\u00e9. (164.4 Km).<\/p>\n<p>VIII 29-9 Ibagu\u00e9 &#8211; Cajamarca &#8211; Calarc\u00e1 &#8211; Pereira &#8211; Dosquebradas &#8211; Santa Rosa &#8211; Chinchin\u00e1 &#8211; Manizales. (193.8 Km).<\/p>\n<p>IX 30-9 Manizales &#8211; Chinchin\u00e1 &#8211; Santa Rosa &#8211; Dosquebradas &#8211; Pereira &#8211; Cartago&nbsp; Anserma &#8211; Toro &#8211; La Uni\u00f3n &#8211; Roldanillo &#8211; Tulu\u00e1. (188.3 Km).<\/p>\n<p>X 1-10 Buga &#8211; Guacar\u00ed Contrarreloj Individual (19.7.Km).<\/p>\n<p><strong>Total Kil\u00f3metros 1.664.7<\/strong><\/p>\n<p>&nbsp;<\/p>\n","protected":false},"excerpt":{"rendered":"<p>El Bolet\u00edn COPACI inform\u00f3: Bogot\u00e1. Este martes fue presentado el recorrido oficial del Cl\u00e1sico RCN 2017, que estar\u00e1 iniciando el pr\u00f3ximo 22 de septiembre en Marsella (Risaralda) y culminar\u00e1 el 1 de octubre con una CRI de 19,7 kil\u00f3metros entre Buga y Guacar\u00ed en el Valle del Cauca. Los mejores equipos del pa\u00eds acudir\u00e1n a [&hellip;]<\/p>\n","protected":false},"author":1,"featured_media":0,"comment_status":"open","ping_status":"open","sticky":false,"template":"","format":"standard","meta":{"_exactmetrics_skip_tracking":false,"_exactmetrics_sitenote_active":false,"_exactmetrics_sitenote_note":"","_exactmetrics_sitenote_category":0,"ngg_post_thumbnail":0,"footnotes":""},"categories":[26,9],"tags":[],"class_list":["post-12968","post","type-post","status-publish","format-standard","hentry","category-copaci","category-ruta-ciclismo-uci"],"_links":{"self":[{"href":"https:\/\/reddeportiva.net\/principal\/index.php?rest_route=\/wp\/v2\/posts\/12968","targetHints":{"allow":["GET"]}}],"collection":[{"href":"https:\/\/reddeportiva.net\/principal\/index.php?rest_route=\/wp\/v2\/posts"}],"about":[{"href":"https:\/\/reddeportiva.net\/principal\/index.php?rest_route=\/wp\/v2\/types\/post"}],"author":[{"embeddable":true,"href":"https:\/\/reddeportiva.net\/principal\/index.php?rest_route=\/wp\/v2\/users\/1"}],"replies":[{"embeddable":true,"href":"https:\/\/reddeportiva.net\/principal\/index.php?rest_route=%2Fwp%2Fv2%2Fcomments&post=12968"}],"version-history":[{"count":1,"href":"https:\/\/reddeportiva.net\/principal\/index.php?rest_route=\/wp\/v2\/posts\/12968\/revisions"}],"predecessor-version":[{"id":12969,"href":"https:\/\/reddeportiva.net\/principal\/index.php?rest_route=\/wp\/v2\/posts\/12968\/revisions\/12969"}],"wp:attachment":[{"href":"https:\/\/reddeportiva.net\/principal\/index.php?rest_route=%2Fwp%2Fv2%2Fmedia&parent=12968"}],"wp:term":[{"taxonomy":"category","embeddable":true,"href":"https:\/\/reddeportiva.net\/principal\/index.php?rest_route=%2Fwp%2Fv2%2Fcategories&post=12968"},{"taxonomy":"post_tag","embeddable":true,"href":"https:\/\/reddeportiva.net\/principal\/index.php?rest_route=%2Fwp%2Fv2%2Ftags&post=12968"}],"curies":[{"name":"wp","href":"https:\/\/api.w.org\/{rel}","templated":true}]}}