{"id":12690,"date":"2017-07-25T16:28:55","date_gmt":"2017-07-25T21:28:55","guid":{"rendered":"http:\/\/reddeportiva.net\/principal\/?p=12690"},"modified":"2017-07-25T16:28:55","modified_gmt":"2017-07-25T21:28:55","slug":"torneo-nacional-de-paleta-fronton-se-jugara-en-huanuco-del-12-al-13-de-agosto","status":"publish","type":"post","link":"https:\/\/reddeportiva.net\/principal\/?p=12690","title":{"rendered":"TORNEO NACIONAL DE PALETA FRONT\u00d3N SE JUGAR\u00c1 EN HU\u00c1NUCO DEL 12 AL 13 DE AGOSTO"},"content":{"rendered":"<p><a href=\"http:\/\/www.ipd.gob.pe\/noticias\/noticias-institucionales\/item\/3731-torneo-nacional-de-paleta-fronton-se-jugara-en-huanuco-del-12-al-13-de-agosto\">http:\/\/www.ipd.gob.pe\/noticias\/noticias-institucionales\/item\/3731-torneo-nacional-de-paleta-fronton-se-jugara-en-huanuco-del-12-al-13-de-agosto<\/a><\/p>\n","protected":false},"excerpt":{"rendered":"<p>http:\/\/www.ipd.gob.pe\/noticias\/noticias-institucionales\/item\/3731-torneo-nacional-de-paleta-fronton-se-jugara-en-huanuco-del-12-al-13-de-agosto<\/p>\n","protected":false},"author":1,"featured_media":0,"comment_status":"open","ping_status":"open","sticky":false,"template":"","format":"standard","meta":{"_exactmetrics_skip_tracking":false,"_exactmetrics_sitenote_active":false,"_exactmetrics_sitenote_note":"","_exactmetrics_sitenote_category":0,"ngg_post_thumbnail":0,"footnotes":""},"categories":[168],"tags":[],"class_list":["post-12690","post","type-post","status-publish","format-standard","hentry","category-deporte-iwas"],"_links":{"self":[{"href":"https:\/\/reddeportiva.net\/principal\/index.php?rest_route=\/wp\/v2\/posts\/12690","targetHints":{"allow":["GET"]}}],"collection":[{"href":"https:\/\/reddeportiva.net\/principal\/index.php?rest_route=\/wp\/v2\/posts"}],"about":[{"href":"https:\/\/reddeportiva.net\/principal\/index.php?rest_route=\/wp\/v2\/types\/post"}],"author":[{"embeddable":true,"href":"https:\/\/reddeportiva.net\/principal\/index.php?rest_route=\/wp\/v2\/users\/1"}],"replies":[{"embeddable":true,"href":"https:\/\/reddeportiva.net\/principal\/index.php?rest_route=%2Fwp%2Fv2%2Fcomments&post=12690"}],"version-history":[{"count":1,"href":"https:\/\/reddeportiva.net\/principal\/index.php?rest_route=\/wp\/v2\/posts\/12690\/revisions"}],"predecessor-version":[{"id":12691,"href":"https:\/\/reddeportiva.net\/principal\/index.php?rest_route=\/wp\/v2\/posts\/12690\/revisions\/12691"}],"wp:attachment":[{"href":"https:\/\/reddeportiva.net\/principal\/index.php?rest_route=%2Fwp%2Fv2%2Fmedia&parent=12690"}],"wp:term":[{"taxonomy":"category","embeddable":true,"href":"https:\/\/reddeportiva.net\/principal\/index.php?rest_route=%2Fwp%2Fv2%2Fcategories&post=12690"},{"taxonomy":"post_tag","embeddable":true,"href":"https:\/\/reddeportiva.net\/principal\/index.php?rest_route=%2Fwp%2Fv2%2Ftags&post=12690"}],"curies":[{"name":"wp","href":"https:\/\/api.w.org\/{rel}","templated":true}]}}