{"id":12686,"date":"2017-07-25T16:11:04","date_gmt":"2017-07-25T21:11:04","guid":{"rendered":"http:\/\/reddeportiva.net\/principal\/?p=12686"},"modified":"2017-07-25T16:11:04","modified_gmt":"2017-07-25T21:11:04","slug":"vuelta-femenina-banco-popular-a-costa-rica-lista-para-el-banderazo-de-salida-2","status":"publish","type":"post","link":"https:\/\/reddeportiva.net\/principal\/?p=12686","title":{"rendered":"VUELTA FEMENINA BANCO POPULAR A COSTA RICA LISTA PARA EL BANDERAZO DE SALIDA"},"content":{"rendered":"<p>El Bolet\u00edn COPACI inform\u00f3:<\/p>\n<p><strong>San Jos\u00e9.<\/strong> Se realiz\u00f3 la presentaci\u00f3n oficial de la Vuelta Femenina Internacional a Costa Rica Banco Popular 2017, la cual inicia este mi\u00e9rcoles 26 con un pr\u00f3logo en el sector de Loma Linda.<\/p>\n<p>El pelot\u00f3n de este a\u00f1o ronda un aproximado de 80 ciclistas, con corredoras provenientes de Colombia, Guatemala, Panam\u00e1, M\u00e9xico, Honduras, Rep\u00fablica Dominicana, Italia y costarricense. <strong>(Daniela Robles, <em>Prensa<\/em> Fecoci)<\/strong><!--more--><\/p>\n<p><strong>RECORRIDO.<\/strong><\/p>\n<p>Mi\u00e9rcoles 26: Pr\u00f3logo en Loma Linda, Parque de la Paz. (1.5 Km)<\/p>\n<p>Jueves 27: Parrita-Jaco-Orotina. (85 Km)<\/p>\n<p>Viernes 28: Crono Escalada, Alajuela-Carrizal. (9.63 Km)<\/p>\n<p>S\u00e1bado 29: San Antonio de Bel\u00e9n-San Ram\u00f3n-Palmares (calle vieja)-Grecia. (80 Km)<\/p>\n<p>Domingo 30: Circuito Pavas-Sabana-Pavas. (73.44 Km)<\/p>\n<p><strong>EQUIPOS EXTRANJEROS:<\/strong><\/p>\n<p>Pedalea Cycling Team<\/p>\n<p>Honduras Team<\/p>\n<p>Equipo Unidas por M\u00e9xico<\/p>\n<p>Selecci\u00f3n Nacional de Guatemala<\/p>\n<p>Selecci\u00f3n Nacional de Puerto Rico<\/p>\n<p>Astana<\/p>\n<p>Copa Femenina de Panam\u00e1<\/p>\n<p>Proyecta Ingenieros Olmo SMP<\/p>\n","protected":false},"excerpt":{"rendered":"<p>El Bolet\u00edn COPACI inform\u00f3: San Jos\u00e9. Se realiz\u00f3 la presentaci\u00f3n oficial de la Vuelta Femenina Internacional a Costa Rica Banco Popular 2017, la cual inicia este mi\u00e9rcoles 26 con un pr\u00f3logo en el sector de Loma Linda. El pelot\u00f3n de este a\u00f1o ronda un aproximado de 80 ciclistas, con corredoras provenientes de Colombia, Guatemala, Panam\u00e1, [&hellip;]<\/p>\n","protected":false},"author":1,"featured_media":0,"comment_status":"open","ping_status":"open","sticky":false,"template":"","format":"standard","meta":{"_exactmetrics_skip_tracking":false,"_exactmetrics_sitenote_active":false,"_exactmetrics_sitenote_note":"","_exactmetrics_sitenote_category":0,"ngg_post_thumbnail":0,"footnotes":""},"categories":[26,9],"tags":[],"class_list":["post-12686","post","type-post","status-publish","format-standard","hentry","category-copaci","category-ruta-ciclismo-uci"],"_links":{"self":[{"href":"https:\/\/reddeportiva.net\/principal\/index.php?rest_route=\/wp\/v2\/posts\/12686","targetHints":{"allow":["GET"]}}],"collection":[{"href":"https:\/\/reddeportiva.net\/principal\/index.php?rest_route=\/wp\/v2\/posts"}],"about":[{"href":"https:\/\/reddeportiva.net\/principal\/index.php?rest_route=\/wp\/v2\/types\/post"}],"author":[{"embeddable":true,"href":"https:\/\/reddeportiva.net\/principal\/index.php?rest_route=\/wp\/v2\/users\/1"}],"replies":[{"embeddable":true,"href":"https:\/\/reddeportiva.net\/principal\/index.php?rest_route=%2Fwp%2Fv2%2Fcomments&post=12686"}],"version-history":[{"count":1,"href":"https:\/\/reddeportiva.net\/principal\/index.php?rest_route=\/wp\/v2\/posts\/12686\/revisions"}],"predecessor-version":[{"id":12687,"href":"https:\/\/reddeportiva.net\/principal\/index.php?rest_route=\/wp\/v2\/posts\/12686\/revisions\/12687"}],"wp:attachment":[{"href":"https:\/\/reddeportiva.net\/principal\/index.php?rest_route=%2Fwp%2Fv2%2Fmedia&parent=12686"}],"wp:term":[{"taxonomy":"category","embeddable":true,"href":"https:\/\/reddeportiva.net\/principal\/index.php?rest_route=%2Fwp%2Fv2%2Fcategories&post=12686"},{"taxonomy":"post_tag","embeddable":true,"href":"https:\/\/reddeportiva.net\/principal\/index.php?rest_route=%2Fwp%2Fv2%2Ftags&post=12686"}],"curies":[{"name":"wp","href":"https:\/\/api.w.org\/{rel}","templated":true}]}}