{"id":12684,"date":"2017-07-25T16:07:50","date_gmt":"2017-07-25T21:07:50","guid":{"rendered":"http:\/\/reddeportiva.net\/principal\/?p=12684"},"modified":"2017-07-25T16:07:50","modified_gmt":"2017-07-25T21:07:50","slug":"mariana-pajon-carlos-oquendo-y-carlos-ramirez-encabezan-una-delegacion-de-mas-de-300-bicicrosistas-colombianos-2","status":"publish","type":"post","link":"https:\/\/reddeportiva.net\/principal\/?p=12684","title":{"rendered":"MARIANA PAJ\u00d3N, CARLOS OQUENDO Y CARLOS RAM\u00cdREZ ENCABEZAN UNA DELEGACI\u00d3N DE MAS DE 300 BICICROSISTAS COLOMBIANOS"},"content":{"rendered":"<p>El Bolet\u00edn COPACI inform\u00f3:<\/p>\n<p><strong>Bogot\u00e1.<\/strong> Un total de 306 bicicrosistas colombianos estar\u00e1n disputando desde este martes el Campeonato Mundial de BMX que tendr\u00e1 como escenario la pista Novant Health, en la ciudad de Rock Hill (Carolina del Sur), Estados Unidos. La amplia delegaci\u00f3n colombiana est\u00e1 liderada por los medallistas ol\u00edmpicos Mariana Paj\u00f3n, Carlos Mario Oquendo y Carlos Ram\u00edrez.<\/p>\n<p>La doble campeona ol\u00edmpica apunta a reeditar el t\u00edtulo orbital conseguido el a\u00f1o pasado en la pista que lleva su nombre en la ciudad de Medell\u00edn con lo que llegar\u00eda a 19 cetros orbitales. Junto a la fenomenal bicicrosista paisa estar\u00e1 los tambi\u00e9n medallistas ol\u00edmpicos Carlos Oquendo (Bronce en Londres 2012) y Carlos Ram\u00edrez (Bronce en R\u00edo de Janeiro 2016) a la cabeza de la Selecci\u00f3n Colombia para la categor\u00eda Campeonato Junior y Elite.<!--more--><\/p>\n<p>La Selecci\u00f3n Colombia de BMX Supercross la completan para la categor\u00eda Elite Andrea Escobar, Diego Arboleda (Campe\u00f3n Nacional en Medell\u00edn 2017), Juan Carlos D\u00edaz, David Agudelo, Migue Calixto y Juan \u00c1ngel R\u00edos. La categor\u00eda Junior estar\u00e1 integrada por: Mar\u00eda Camila Restrepo, Manuela Mazo, Gabriela Bolle, Laura Ordo\u00f1ez, Federico Fajardo, Juan Esteban Naranjo, Juan Felipe Ruiz, Samuel Zuleta y Carlos Zuluaga.<\/p>\n<p>Para las categor\u00edas Challenge (7-50 A\u00f1os) Colombia tendr\u00e1 en Rock Hill una de las delegaciones m\u00e1s grandes de su historia demostrando la impresionante popularidad del deporte en el pa\u00eds. 288 bicicrosistas colombianos fueron confirmados por la UCI para disputar el Campeonato Mundial que regresa a los Estados Unidos tras 16 a\u00f1os, dato verdaderamente ins\u00f3lito teniendo en cuenta la popularidad de la que goza el deporte en el pa\u00eds norteamericano.<\/p>\n<p>La Selecci\u00f3n Colombia de BMX Supercross ser\u00e1 orientada por el laureado estratega bogotano, Germ\u00e1n Medina, elegido en 2016 por sucesivas entidades y medios especializados como Director T\u00e9cnico del A\u00f1o. <strong>(<a href=\"http:\/\/www.revistamundociclistico.com\">www.revistamundociclistico.com<\/a>) <\/strong><\/p>\n","protected":false},"excerpt":{"rendered":"<p>El Bolet\u00edn COPACI inform\u00f3: Bogot\u00e1. Un total de 306 bicicrosistas colombianos estar\u00e1n disputando desde este martes el Campeonato Mundial de BMX que tendr\u00e1 como escenario la pista Novant Health, en la ciudad de Rock Hill (Carolina del Sur), Estados Unidos. La amplia delegaci\u00f3n colombiana est\u00e1 liderada por los medallistas ol\u00edmpicos Mariana Paj\u00f3n, Carlos Mario Oquendo [&hellip;]<\/p>\n","protected":false},"author":1,"featured_media":0,"comment_status":"open","ping_status":"open","sticky":false,"template":"","format":"standard","meta":{"_exactmetrics_skip_tracking":false,"_exactmetrics_sitenote_active":false,"_exactmetrics_sitenote_note":"","_exactmetrics_sitenote_category":0,"ngg_post_thumbnail":0,"footnotes":""},"categories":[46,26],"tags":[],"class_list":["post-12684","post","type-post","status-publish","format-standard","hentry","category-bmx-ciclismo","category-copaci"],"_links":{"self":[{"href":"https:\/\/reddeportiva.net\/principal\/index.php?rest_route=\/wp\/v2\/posts\/12684","targetHints":{"allow":["GET"]}}],"collection":[{"href":"https:\/\/reddeportiva.net\/principal\/index.php?rest_route=\/wp\/v2\/posts"}],"about":[{"href":"https:\/\/reddeportiva.net\/principal\/index.php?rest_route=\/wp\/v2\/types\/post"}],"author":[{"embeddable":true,"href":"https:\/\/reddeportiva.net\/principal\/index.php?rest_route=\/wp\/v2\/users\/1"}],"replies":[{"embeddable":true,"href":"https:\/\/reddeportiva.net\/principal\/index.php?rest_route=%2Fwp%2Fv2%2Fcomments&post=12684"}],"version-history":[{"count":1,"href":"https:\/\/reddeportiva.net\/principal\/index.php?rest_route=\/wp\/v2\/posts\/12684\/revisions"}],"predecessor-version":[{"id":12685,"href":"https:\/\/reddeportiva.net\/principal\/index.php?rest_route=\/wp\/v2\/posts\/12684\/revisions\/12685"}],"wp:attachment":[{"href":"https:\/\/reddeportiva.net\/principal\/index.php?rest_route=%2Fwp%2Fv2%2Fmedia&parent=12684"}],"wp:term":[{"taxonomy":"category","embeddable":true,"href":"https:\/\/reddeportiva.net\/principal\/index.php?rest_route=%2Fwp%2Fv2%2Fcategories&post=12684"},{"taxonomy":"post_tag","embeddable":true,"href":"https:\/\/reddeportiva.net\/principal\/index.php?rest_route=%2Fwp%2Fv2%2Ftags&post=12684"}],"curies":[{"name":"wp","href":"https:\/\/api.w.org\/{rel}","templated":true}]}}